{"id":5046,"date":"2023-04-25T23:08:48","date_gmt":"2023-04-25T23:08:48","guid":{"rendered":"http:\/\/lavereda.com.mx\/?p=5046"},"modified":"2023-04-27T23:34:40","modified_gmt":"2023-04-27T23:34:40","slug":"llevan-nueva-version-de-rome-y-julieta-a-escena","status":"publish","type":"post","link":"https:\/\/lavereda.com.mx\/index.php\/2023\/04\/25\/llevan-nueva-version-de-rome-y-julieta-a-escena\/","title":{"rendered":"Llevan nueva versi\u00f3n de Romeo y Julieta a escena"},"content":{"rendered":"\n<p>El patio central de la Casa Mud\u00e9jar se transforma en el lugar donde Romeo y Julieta se conocen y enamoran. A pesar de la rivalidad de sus familias, deciden casarse y escapar. El destino se interpone y encuentran la muerte. La Nodriza de Julieta nos cuenta su historia. Se trata de una versi\u00f3n del cl\u00e1sico de Shakespeare por Enrique Esquivel para la compa\u00f1\u00eda teatral Lola Mar.<\/p>\n\n\n\n<p>Tras celebrar las primeras 100 funciones como compa\u00f1\u00eda, LOLA MAR, adoratorio teatral, anuncia las siguientes fechas de su m\u00e1s reciente montaje, \u201cRomeo y Julieta\u201d versi\u00f3n original de Enrique Esquivel basado en el cl\u00e1sico del teatro.<\/p>\n\n\n\n<p>La Nodriza, interpretada por Ana Carmen Mac\u00edas, es quien narra esta historia que se ha ganado un lugar en el imaginario colectivo, acompa\u00f1ada por C\u00e9sar Z\u00e1rate y Laura Urbina quienes les dan vida a los personajes de Romeo y Julieta, respectivamente.<\/p>\n\n\n\n<p>Esta producci\u00f3n cuenta tambi\u00e9n con Montserrat Fern\u00e1ndez como jefa de piso, la fotograf\u00eda es de Estefan\u00eda Cuaraqui, el video de Jos\u00e9 Rivera,&nbsp;&nbsp;el vestuario, la adaptaci\u00f3n y concepci\u00f3n esc\u00e9nica est\u00e1 a cargo de Enrique Esquivel, mientras que la promoci\u00f3n y producci\u00f3n ejecutiva es de Estefan\u00eda Marrufo.<\/p>\n\n\n\n<p>Las pr\u00f3ximas funciones ser\u00e1n el jueves 27 y viernes 28 de abril de 2023, con dos funciones cada d\u00eda a las 7:30 y 9:00 P.M., el cupo ser\u00e1 limitado a s\u00f3lo 50 espectadores por&nbsp;&nbsp;funci\u00f3n, pueden adquirir sus boletos con antelaci\u00f3n en&nbsp;<a href=\"http:\/\/www.missboletos.com\/uncategorized\/romeo-y-julieta-lm-a23\/\">www.missboletos.com\/uncategorized\/romeo-y-julieta-lm-a23\/<\/a>&nbsp;o directamente en taquilla, sujeto a disponibilidad.<\/p>\n\n\n\n<p>Para conocer m\u00e1s fechas de presentaci\u00f3n durante abril y mayo, as\u00ed como para obtener mayores informes pueden comunicarse a las redes sociales de la compa\u00f1\u00eda tanto en Facebook, Instagram y Twitter o al tel\u00e9fono 8711049168 v\u00eda mensajer\u00eda instant\u00e1nea o llamada.<\/p>\n","protected":false},"excerpt":{"rendered":"<p>El patio central de la Casa Mud\u00e9jar se transforma en el lugar donde Romeo y Julieta se conocen y enamoran. A pesar de la rivalidad de sus familias, deciden casarse &hellip; <a href=\"https:\/\/lavereda.com.mx\/index.php\/2023\/04\/25\/llevan-nueva-version-de-rome-y-julieta-a-escena\/\" class=\"more-link\">Leer m\u00e1s<\/a><\/p>\n","protected":false},"author":1,"featured_media":5047,"comment_status":"open","ping_status":"open","sticky":false,"template":"","format":"standard","meta":{"footnotes":""},"categories":[2,18],"tags":[36],"class_list":["post-5046","post","type-post","status-publish","format-standard","has-post-thumbnail","hentry","category-artes-escenicas","category-lomasrelevante","tag-teatro","entry"],"_links":{"self":[{"href":"https:\/\/lavereda.com.mx\/index.php\/wp-json\/wp\/v2\/posts\/5046","targetHints":{"allow":["GET"]}}],"collection":[{"href":"https:\/\/lavereda.com.mx\/index.php\/wp-json\/wp\/v2\/posts"}],"about":[{"href":"https:\/\/lavereda.com.mx\/index.php\/wp-json\/wp\/v2\/types\/post"}],"author":[{"embeddable":true,"href":"https:\/\/lavereda.com.mx\/index.php\/wp-json\/wp\/v2\/users\/1"}],"replies":[{"embeddable":true,"href":"https:\/\/lavereda.com.mx\/index.php\/wp-json\/wp\/v2\/comments?post=5046"}],"version-history":[{"count":4,"href":"https:\/\/lavereda.com.mx\/index.php\/wp-json\/wp\/v2\/posts\/5046\/revisions"}],"predecessor-version":[{"id":5065,"href":"https:\/\/lavereda.com.mx\/index.php\/wp-json\/wp\/v2\/posts\/5046\/revisions\/5065"}],"wp:featuredmedia":[{"embeddable":true,"href":"https:\/\/lavereda.com.mx\/index.php\/wp-json\/wp\/v2\/media\/5047"}],"wp:attachment":[{"href":"https:\/\/lavereda.com.mx\/index.php\/wp-json\/wp\/v2\/media?parent=5046"}],"wp:term":[{"taxonomy":"category","embeddable":true,"href":"https:\/\/lavereda.com.mx\/index.php\/wp-json\/wp\/v2\/categories?post=5046"},{"taxonomy":"post_tag","embeddable":true,"href":"https:\/\/lavereda.com.mx\/index.php\/wp-json\/wp\/v2\/tags?post=5046"}],"curies":[{"name":"wp","href":"https:\/\/api.w.org\/{rel}","templated":true}]}}