{"id":5042,"date":"2023-04-23T01:11:37","date_gmt":"2023-04-23T01:11:37","guid":{"rendered":"http:\/\/lavereda.com.mx\/?p=5042"},"modified":"2023-04-23T01:23:50","modified_gmt":"2023-04-23T01:23:50","slug":"y-en-un-instante-de-domingo","status":"publish","type":"post","link":"https:\/\/lavereda.com.mx\/index.php\/2023\/04\/23\/y-en-un-instante-de-domingo\/","title":{"rendered":"Y en un instante de domingo"},"content":{"rendered":"\n<h4 class=\"wp-block-heading\">Columna: A la hora del caf\u00e9<\/h4>\n\n\n\n<p>La soledad del domingo por la ma\u00f1ana, con el caf\u00e9 reci\u00e9n hecho, con una calma inusual en mi vida, es uno de los momentos m\u00e1s valiosos de la semana. Dura poco, porque la rapidez y el rol de las mujeres adultas, es a veces muy ingrato. \u00bfPor qu\u00e9 tarda tanto en aparecer este instante de domingo?<\/p>\n\n\n\n<p>A las personas de mi generaci\u00f3n nos educaron para producir, minuto a minuto, algo valioso, algo que le sirva a los dem\u00e1s. Nos ense\u00f1aron a que levantarse temprano, nunca debe ser una queja, sino un agradecimiento. A no hacer a un lado nunca las nuevas oportunidades, no nos prepararon para decir no a cuantiosas responsabilidades.<\/p>\n\n\n\n<p>Despu\u00e9s tambi\u00e9n, las mujeres de mi edad, de repente crecimos, somos madres, profesionistas, solteras o casadas, con m\u00e1s de un empleo, oficios, ocupaciones alrededor de nuestras principales habilidades.&nbsp;&nbsp;Algunas son cuidadoras de un adulto mayor, o de alguien con un padecimiento, sin haber estado preparadas para eso.<\/p>\n\n\n\n<p>Si ser madre no vino con un manual, aunque s\u00ed con muchos consejos, recetas, desveladas, tropiezos y miedos, ser cuidadoras de alguien que enfrenta la vida adulta mayor con muchas dificultades, es un nuevo balde de agua helada que golpea a esa generaci\u00f3n productiva que tiene que afrontar, de forma positiva, un problema m\u00e1s.<\/p>\n\n\n\n<p>Ya hab\u00eda hablado en esta columna del cruel paso del tiempo. Las mujeres nacidas a finales de los 70\u00b4s nos debatimos entre seguir siendo productivas hasta donde sea posible y no parecer siempre \u201cla mayor del grupo\u201d. En llegar a ese so\u00f1ado equilibrio: mente, cuerpo y esp\u00edritu sano, que es bastante normal y de los comunes mortales no alcanzarlo nunca.<\/p>\n\n\n\n<p>Luchamos por gozar de esa energ\u00eda que ten\u00edamos hace 10 o 15 a\u00f1os y que poco a poco deja de ser la misma, en algunos casos, nuestros hijos brincan la maravillosa infancia para escalar al pelda\u00f1o de la adolescencia, para otras la maternidad acaba de empezar y hay quienes que viven su mejor momento de independencia, sin familia ni compromisos.<\/p>\n\n\n\n<p>La realidad es que entre m\u00e1s pasa el tiempo y las rutinas son tediosas metas que se tienen que cumplir, las soledades de domingo por la ma\u00f1ana con un caf\u00e9 reci\u00e9n hecho y sin tener que servirlo en un termo para que viaje toda la ma\u00f1ana de un lado a otro, son instantes valiosos, son un tiempo detenido.<\/p>\n\n\n\n<p>Quiz\u00e1s, en esa inspiraci\u00f3n me encuentro algunos domingos, pensando en no dejar caer por un caos sin retorno, toda la pesada energ\u00eda de la semana.<\/p>\n\n\n\n<p>Esta tuitera y columnista, llega as\u00ed a su cumplea\u00f1os una ma\u00f1ana de domingo.<\/p>\n\n\n\n<p>Twitter: @Lavargasadri<\/p>\n","protected":false},"excerpt":{"rendered":"<p>Columna: A la hora del caf\u00e9 La soledad del domingo por la ma\u00f1ana, con el caf\u00e9 reci\u00e9n hecho, con una calma inusual en mi vida, es uno de los momentos &hellip; <a href=\"https:\/\/lavereda.com.mx\/index.php\/2023\/04\/23\/y-en-un-instante-de-domingo\/\" class=\"more-link\">Leer m\u00e1s<\/a><\/p>\n","protected":false},"author":9,"featured_media":5043,"comment_status":"open","ping_status":"open","sticky":false,"template":"","format":"standard","meta":{"footnotes":""},"categories":[18,9],"tags":[],"class_list":["post-5042","post","type-post","status-publish","format-standard","has-post-thumbnail","hentry","category-lomasrelevante","category-opinion","entry"],"_links":{"self":[{"href":"https:\/\/lavereda.com.mx\/index.php\/wp-json\/wp\/v2\/posts\/5042","targetHints":{"allow":["GET"]}}],"collection":[{"href":"https:\/\/lavereda.com.mx\/index.php\/wp-json\/wp\/v2\/posts"}],"about":[{"href":"https:\/\/lavereda.com.mx\/index.php\/wp-json\/wp\/v2\/types\/post"}],"author":[{"embeddable":true,"href":"https:\/\/lavereda.com.mx\/index.php\/wp-json\/wp\/v2\/users\/9"}],"replies":[{"embeddable":true,"href":"https:\/\/lavereda.com.mx\/index.php\/wp-json\/wp\/v2\/comments?post=5042"}],"version-history":[{"count":2,"href":"https:\/\/lavereda.com.mx\/index.php\/wp-json\/wp\/v2\/posts\/5042\/revisions"}],"predecessor-version":[{"id":5045,"href":"https:\/\/lavereda.com.mx\/index.php\/wp-json\/wp\/v2\/posts\/5042\/revisions\/5045"}],"wp:featuredmedia":[{"embeddable":true,"href":"https:\/\/lavereda.com.mx\/index.php\/wp-json\/wp\/v2\/media\/5043"}],"wp:attachment":[{"href":"https:\/\/lavereda.com.mx\/index.php\/wp-json\/wp\/v2\/media?parent=5042"}],"wp:term":[{"taxonomy":"category","embeddable":true,"href":"https:\/\/lavereda.com.mx\/index.php\/wp-json\/wp\/v2\/categories?post=5042"},{"taxonomy":"post_tag","embeddable":true,"href":"https:\/\/lavereda.com.mx\/index.php\/wp-json\/wp\/v2\/tags?post=5042"}],"curies":[{"name":"wp","href":"https:\/\/api.w.org\/{rel}","templated":true}]}}