{"id":503,"date":"2020-08-25T17:39:19","date_gmt":"2020-08-25T17:39:19","guid":{"rendered":"http:\/\/lavereda.com.mx\/?p=503"},"modified":"2020-08-25T17:39:21","modified_gmt":"2020-08-25T17:39:21","slug":"charla-sobre-el-escultor-miguel-angel-buonarroti","status":"publish","type":"post","link":"https:\/\/lavereda.com.mx\/index.php\/2020\/08\/25\/charla-sobre-el-escultor-miguel-angel-buonarroti\/","title":{"rendered":"Charla sobre el escultor: Miguel \u00c1ngel Buonarroti"},"content":{"rendered":"\n<p>Imparte: Linda Haro<br>Jueves 27 de Agosto de 2020 \/ 7:00 PM<br>Transmisi\u00f3n en vivo desde la p\u00e1gina de Facebook del Teatro Isauro Mart\u00ednez<br><a href=\"https:\/\/www.facebook.com\/Teatro.isauro.martinez\/\">https:\/\/www.facebook.com\/Teatro.isauro.martinez\/<\/a><\/p>\n\n\n\n<p>Michelangelo Buonarroti, mejor conocido como il terribile, fue un artista excepcional que realiz\u00f3 su primera obra maestra La piedad a la edad de 23 a\u00f1os. Conocido en el Renacimiento por su talento escult\u00f3rico pronto llam\u00f3 la atenci\u00f3n del Papa Julio II, quien le encomendar\u00eda la realizaci\u00f3n pict\u00f3rica de la b\u00f3veda de la Capilla Sixtina, y aunque el artista se vio obligado a pintar de mala gana, hoy en d\u00eda es considerada una de las grandes obras art\u00edsticas de todos los tiempos.\u00a0<\/p>\n\n\n\n<p>Linda Haro Ure\u00f1a es Licenciada en Artes Visuales por la Universidad Aut\u00f3noma de Quer\u00e9taro con especialidad en escultura. Estudi\u00f3 la Maestr\u00eda en Humanidades en la Universidad An\u00e1huac de la ciudad de M\u00e9xico. Ha impartido cursos de historia del arte y culturas prehisp\u00e1nicas<\/p>\n","protected":false},"excerpt":{"rendered":"<p>Imparte: Linda HaroJueves 27 de Agosto de 2020 \/ 7:00 PMTransmisi\u00f3n en vivo desde la p\u00e1gina de Facebook del Teatro Isauro Mart\u00ednezhttps:\/\/www.facebook.com\/Teatro.isauro.martinez\/ Michelangelo Buonarroti, mejor conocido como il terribile, fue &hellip; <a href=\"https:\/\/lavereda.com.mx\/index.php\/2020\/08\/25\/charla-sobre-el-escultor-miguel-angel-buonarroti\/\" class=\"more-link\">Leer m\u00e1s<\/a><\/p>\n","protected":false},"author":1,"featured_media":504,"comment_status":"open","ping_status":"open","sticky":false,"template":"","format":"standard","meta":{"footnotes":""},"categories":[11],"tags":[],"class_list":["post-503","post","type-post","status-publish","format-standard","has-post-thumbnail","hentry","category-agenda","entry"],"_links":{"self":[{"href":"https:\/\/lavereda.com.mx\/index.php\/wp-json\/wp\/v2\/posts\/503","targetHints":{"allow":["GET"]}}],"collection":[{"href":"https:\/\/lavereda.com.mx\/index.php\/wp-json\/wp\/v2\/posts"}],"about":[{"href":"https:\/\/lavereda.com.mx\/index.php\/wp-json\/wp\/v2\/types\/post"}],"author":[{"embeddable":true,"href":"https:\/\/lavereda.com.mx\/index.php\/wp-json\/wp\/v2\/users\/1"}],"replies":[{"embeddable":true,"href":"https:\/\/lavereda.com.mx\/index.php\/wp-json\/wp\/v2\/comments?post=503"}],"version-history":[{"count":1,"href":"https:\/\/lavereda.com.mx\/index.php\/wp-json\/wp\/v2\/posts\/503\/revisions"}],"predecessor-version":[{"id":505,"href":"https:\/\/lavereda.com.mx\/index.php\/wp-json\/wp\/v2\/posts\/503\/revisions\/505"}],"wp:featuredmedia":[{"embeddable":true,"href":"https:\/\/lavereda.com.mx\/index.php\/wp-json\/wp\/v2\/media\/504"}],"wp:attachment":[{"href":"https:\/\/lavereda.com.mx\/index.php\/wp-json\/wp\/v2\/media?parent=503"}],"wp:term":[{"taxonomy":"category","embeddable":true,"href":"https:\/\/lavereda.com.mx\/index.php\/wp-json\/wp\/v2\/categories?post=503"},{"taxonomy":"post_tag","embeddable":true,"href":"https:\/\/lavereda.com.mx\/index.php\/wp-json\/wp\/v2\/tags?post=503"}],"curies":[{"name":"wp","href":"https:\/\/api.w.org\/{rel}","templated":true}]}}