{"id":5027,"date":"2023-04-18T03:18:35","date_gmt":"2023-04-18T03:18:35","guid":{"rendered":"http:\/\/lavereda.com.mx\/?p=5027"},"modified":"2023-04-18T03:19:03","modified_gmt":"2023-04-18T03:19:03","slug":"presentan-estados-convergentes-un-dialogo-artistico","status":"publish","type":"post","link":"https:\/\/lavereda.com.mx\/index.php\/2023\/04\/18\/presentan-estados-convergentes-un-dialogo-artistico\/","title":{"rendered":"Presentan \u00abEstados convergentes\u00bb: un di\u00e1logo art\u00edstico"},"content":{"rendered":"\n<p>\u201cEstados convergentes\u201d es el t\u00edtulo la obra pict\u00f3rica de los artistas Gustavo Montes, lagunero y Philippe Poupet, originario de Francia; que ser\u00e1 inaugurada este martes 18 de abril a las 7:30 pm, en la Galer\u00eda de Arte del Teatro Isauro Mart\u00ednez.<\/p>\n\n\n\n<p>Gustavo Montes coment\u00f3 que este trabajo nace en marzo del 2020 cuando a todos nos atrap\u00f3 en una tolvanera de incertidumbres, una pandemia y \u00abqu\u00e9dese en casa\u00bb fue el llamado de la Secretar\u00eda de Salud.<\/p>\n\n\n\n<p>Destac\u00f3 que \u201cEstasos convergentes\u201d, fue un titulo aplicado a la posici\u00f3n de cada uno en su propio lenguaje, \u201cdonde nos une una amistad desde principio de siglo con sus estancias art\u00edsticas que inician en el periodo que estuvo Patrick D. en la Alianza Francesa, una pandemia que atrac\u00f3  La Laguna en el 2020, en este momento surgi\u00f3 un encuentro de di\u00e1logos donde Artaud estaba presente\u201d.&nbsp;<\/p>\n\n\n\n<p>Agreg\u00f3 que \u201cempez\u00f3 a gestarse una idea de una expo colectiva, aun esta no es la idea principal, es la partida de este proyecto donde yo hago un recuento de mi acercamiento a ciertos cuestionamientos, del pensamientos y de una cultura\u201d.&nbsp;<\/p>\n\n\n\n<p>\u201cPhilippe con su lenguaje propio explora el vac\u00edo de las cosas, de&nbsp;&nbsp;aquello dejado por los hombres y marca registros de su esencia en esculturas y dibujos de una reflexi\u00f3n a procesos y estados de desarrollo creativo, nos presenta entre sus esculturas y dibujos registro de esculturas dejadas en el desierto, para que quien las encuentre reflexione. Yo presento&nbsp;&nbsp;pedacer\u00eda de telas y pintura sobre estampados y pintura- pintura, sobre la indumentaria Raramuri\u201d.<\/p>\n\n\n\n<p>Se\u00f1al\u00f3 que Philippe Poupet trabaja con el registro de las cosas, que son parte de la vida cotidiana, \u201cal materializarlos deja la impronta que a simple vista vemos lo aparente del objeto, pero lo esencial se oculta para que reflexionemos sobre lo que hacemos y consumismos de una manera ritual o cotidiana\u201d.\u00a0<\/p>\n","protected":false},"excerpt":{"rendered":"<p>\u201cEstados convergentes\u201d es el t\u00edtulo la obra pict\u00f3rica de los artistas Gustavo Montes, lagunero y Philippe Poupet, originario de Francia; que ser\u00e1 inaugurada este martes 18 de abril a las &hellip; <a href=\"https:\/\/lavereda.com.mx\/index.php\/2023\/04\/18\/presentan-estados-convergentes-un-dialogo-artistico\/\" class=\"more-link\">Leer m\u00e1s<\/a><\/p>\n","protected":false},"author":9,"featured_media":5028,"comment_status":"open","ping_status":"open","sticky":false,"template":"","format":"standard","meta":{"footnotes":""},"categories":[3,18],"tags":[],"class_list":["post-5027","post","type-post","status-publish","format-standard","has-post-thumbnail","hentry","category-artes-visuales","category-lomasrelevante","entry"],"_links":{"self":[{"href":"https:\/\/lavereda.com.mx\/index.php\/wp-json\/wp\/v2\/posts\/5027","targetHints":{"allow":["GET"]}}],"collection":[{"href":"https:\/\/lavereda.com.mx\/index.php\/wp-json\/wp\/v2\/posts"}],"about":[{"href":"https:\/\/lavereda.com.mx\/index.php\/wp-json\/wp\/v2\/types\/post"}],"author":[{"embeddable":true,"href":"https:\/\/lavereda.com.mx\/index.php\/wp-json\/wp\/v2\/users\/9"}],"replies":[{"embeddable":true,"href":"https:\/\/lavereda.com.mx\/index.php\/wp-json\/wp\/v2\/comments?post=5027"}],"version-history":[{"count":2,"href":"https:\/\/lavereda.com.mx\/index.php\/wp-json\/wp\/v2\/posts\/5027\/revisions"}],"predecessor-version":[{"id":5030,"href":"https:\/\/lavereda.com.mx\/index.php\/wp-json\/wp\/v2\/posts\/5027\/revisions\/5030"}],"wp:featuredmedia":[{"embeddable":true,"href":"https:\/\/lavereda.com.mx\/index.php\/wp-json\/wp\/v2\/media\/5028"}],"wp:attachment":[{"href":"https:\/\/lavereda.com.mx\/index.php\/wp-json\/wp\/v2\/media?parent=5027"}],"wp:term":[{"taxonomy":"category","embeddable":true,"href":"https:\/\/lavereda.com.mx\/index.php\/wp-json\/wp\/v2\/categories?post=5027"},{"taxonomy":"post_tag","embeddable":true,"href":"https:\/\/lavereda.com.mx\/index.php\/wp-json\/wp\/v2\/tags?post=5027"}],"curies":[{"name":"wp","href":"https:\/\/api.w.org\/{rel}","templated":true}]}}