{"id":5021,"date":"2023-04-16T02:54:17","date_gmt":"2023-04-16T02:54:17","guid":{"rendered":"http:\/\/lavereda.com.mx\/?p=5021"},"modified":"2023-04-16T02:54:43","modified_gmt":"2023-04-16T02:54:43","slug":"mexico-celebro-el-dia-mundial-del-arte","status":"publish","type":"post","link":"https:\/\/lavereda.com.mx\/index.php\/2023\/04\/16\/mexico-celebro-el-dia-mundial-del-arte\/","title":{"rendered":"M\u00e9xico celebra el D\u00eda Mundial del Arte"},"content":{"rendered":"\n<p>El 15 de abril, natalicio de Leonardo da Vinci, se celebra el D\u00eda Mundial del Arte, declarado por la Organizaci\u00f3n de las Naciones Unidas para la Educaci\u00f3n, la Ciencia y la Cultura, (Unesco) desde 2019, para promover el desarrollo, la difusi\u00f3n y la promoci\u00f3n del arte, ya que esta \u201cnutre la creatividad, la innovaci\u00f3n y la diversidad cultural de todos los pueblos del mundo, y desempe\u00f1a un rol importante en el intercambio de conocimientos y en el fomento del inter\u00e9s y el di\u00e1logo. Estas son cualidades que el arte siempre ha tenido y tendr\u00e1, si continuamos apoyando entornos donde se promuevan y protejan los artistas y la libertad art\u00edstica. De esta manera, al fomentar el desarrollo del arte tambi\u00e9n se fomentan los medios a trav\u00e9s de los cuales poder lograr un mundo libre y pac\u00edfico\u201d.<\/p>\n\n\n\n<p>En Torre\u00f3n, el Museo Arocena se manifest\u00f3 en sus redes en torno a esta celebraci\u00f3n:<\/p>\n\n\n\n<blockquote class=\"wp-block-quote is-layout-flow wp-block-quote-is-layout-flow\"><p>\u201c\u00a1Hoy se celebra el&nbsp;<a href=\"https:\/\/twitter.com\/hashtag\/D%C3%ADaMundialDelArte?src=hashtag_click\">\u202a#D\u00edaMundialDelArte<\/a>!&nbsp;Un d\u00eda para honrar y reconocer la importancia del arte en nuestra vida.El arte nos inspira, nos emociona y nos hace reflexionar, nos permite expresarnos y conectarnos con las emociones y pensamientos de los dem\u00e1s\u201d.<\/p><\/blockquote>\n\n\n\n<p>En M\u00e9xico como parte de esta celebraci\u00f3n, la Compa\u00f1\u00eda Nacional de Danza (CND) del Inbal presenta&nbsp;<em>La fille mal gard\u00e9e,<\/em>&nbsp;adaptaci\u00f3n coreogr\u00e1fica basada en la obra original de Jean Dauberval, la cual describe la historia de una joven enamorada de un campesino, pero su ambiciosa madre la obliga a comprometerse con un muchacho rico, pero torpe. Las funciones son s\u00e1bados y domingos: 15, 16, 22 y 23 de abril, a las 13:00 horas, en el Teatro de la Danza&nbsp;<em>Guillermina Bravo<\/em>&nbsp;del Centro Cultural del Bosque (CCB).<\/p>\n\n\n\n<p>Por su parte, la Compa\u00f1\u00eda de Danza Contempor\u00e1nea Barro Rojo Arte Esc\u00e9nico ofrecer\u00e1 el programa&nbsp;<em>40 y Uno<\/em>, con el cual estrenar\u00e1 la pieza&nbsp;<em>Omisi\u00f3n cuatro tres,<\/em>&nbsp;del core\u00f3grafo Julio Hern\u00e1ndez, y la obra&nbsp;<em>Epifan\u00eda<\/em>, de Miguel Gamero, con funciones el jueves 13 y viernes 14 de abril, a las 20:00 horas; s\u00e1bado 15, a las 19:00, y domingo 16, a las 18:00 horas.<\/p>\n\n\n\n<p>En tanto, el Centro de Producci\u00f3n de Danza Contempor\u00e1nea (Ceprodac) ofrecer\u00e1 el s\u00e1bado 15 de abril, a las 11:00 horas, la muestra&nbsp;<em>Rostros<\/em>, videodanza que reflexiona sobre las diferentes formas de entender el arte en la cotidianidad. La transmisi\u00f3n de esta pieza, creada por el bailar\u00edn Tom\u00e1s Sebasti\u00e1n G\u00f3mez, se podr\u00e1 disfrutar por redes sociales (\/ceprodac.inba y @ceprodac.inba).<\/p>\n\n\n\n<p><strong>Red de Museos Inbal<\/strong><\/p>\n\n\n\n<p>A su vez, el Museo Nacional de Arte (Munal) ofrecer\u00e1 dos cursos:&nbsp;<em>\u00bfQu\u00e9 es el arte?<\/em>&nbsp;y&nbsp;<em>\u00bfQu\u00e9 es un museo?<\/em>, los cuales se realizar\u00e1n los s\u00e1bados 15 y 22 de abril, respectivamente, de 11:00 a 13:30 horas (Tacuba n\u00fam. 8, Centro Hist\u00f3rico).<\/p>\n\n\n\n<p>En el Museo Nacional de la Estampa, en el marco de la exposici\u00f3n&nbsp;<em>Vicente Rojo X Vicente Rojo, retrospectiva 1968-2020<\/em>, se realizar\u00e1 una visita guiada y el taller&nbsp;<em>El cuaderno Rojo<\/em>, el 15 de abril, a las 12:00 horas. Adem\u00e1s, en colaboraci\u00f3n con Alas y Ra\u00edces, esta actividad para ni\u00f1os y ni\u00f1as tiene la intenci\u00f3n de explorar la obra gr\u00e1fica del artista y celebrar juntos esta fecha (Av. Hidalgo 39, Centro Hist\u00f3rico).<\/p>\n\n\n\n<p>El Museo Casa Estudio&nbsp;<em>Diego Rivera y Frida Kahlo<\/em>&nbsp;ofrecer\u00e1 los viernes, s\u00e1bados y domingos de abril, entre las 12:00 y 15:00 horas, el&nbsp;<em>Taller de cartoner\u00eda popular<\/em>, donde las personas participantes practicar\u00e1n en una sesi\u00f3n la t\u00e9cnica de cartoner\u00eda (Calle Diego Rivera s\/n, San \u00c1ngel Inn, \u00c1lvaro Obreg\u00f3n).<\/p>\n\n\n\n<p><em>FOTO: COMPA\u00d1\u00cdA NACIONAL DE DANZA.<\/em><\/p>\n","protected":false},"excerpt":{"rendered":"<p>El 15 de abril, natalicio de Leonardo da Vinci, se celebra el D\u00eda Mundial del Arte, declarado por la Organizaci\u00f3n de las Naciones Unidas para la Educaci\u00f3n, la Ciencia y &hellip; <a href=\"https:\/\/lavereda.com.mx\/index.php\/2023\/04\/16\/mexico-celebro-el-dia-mundial-del-arte\/\" class=\"more-link\">Leer m\u00e1s<\/a><\/p>\n","protected":false},"author":1,"featured_media":5022,"comment_status":"open","ping_status":"open","sticky":false,"template":"","format":"standard","meta":{"footnotes":""},"categories":[2,3,18],"tags":[],"class_list":["post-5021","post","type-post","status-publish","format-standard","has-post-thumbnail","hentry","category-artes-escenicas","category-artes-visuales","category-lomasrelevante","entry"],"_links":{"self":[{"href":"https:\/\/lavereda.com.mx\/index.php\/wp-json\/wp\/v2\/posts\/5021","targetHints":{"allow":["GET"]}}],"collection":[{"href":"https:\/\/lavereda.com.mx\/index.php\/wp-json\/wp\/v2\/posts"}],"about":[{"href":"https:\/\/lavereda.com.mx\/index.php\/wp-json\/wp\/v2\/types\/post"}],"author":[{"embeddable":true,"href":"https:\/\/lavereda.com.mx\/index.php\/wp-json\/wp\/v2\/users\/1"}],"replies":[{"embeddable":true,"href":"https:\/\/lavereda.com.mx\/index.php\/wp-json\/wp\/v2\/comments?post=5021"}],"version-history":[{"count":2,"href":"https:\/\/lavereda.com.mx\/index.php\/wp-json\/wp\/v2\/posts\/5021\/revisions"}],"predecessor-version":[{"id":5024,"href":"https:\/\/lavereda.com.mx\/index.php\/wp-json\/wp\/v2\/posts\/5021\/revisions\/5024"}],"wp:featuredmedia":[{"embeddable":true,"href":"https:\/\/lavereda.com.mx\/index.php\/wp-json\/wp\/v2\/media\/5022"}],"wp:attachment":[{"href":"https:\/\/lavereda.com.mx\/index.php\/wp-json\/wp\/v2\/media?parent=5021"}],"wp:term":[{"taxonomy":"category","embeddable":true,"href":"https:\/\/lavereda.com.mx\/index.php\/wp-json\/wp\/v2\/categories?post=5021"},{"taxonomy":"post_tag","embeddable":true,"href":"https:\/\/lavereda.com.mx\/index.php\/wp-json\/wp\/v2\/tags?post=5021"}],"curies":[{"name":"wp","href":"https:\/\/api.w.org\/{rel}","templated":true}]}}