{"id":5010,"date":"2023-04-13T18:33:37","date_gmt":"2023-04-13T18:33:37","guid":{"rendered":"http:\/\/lavereda.com.mx\/?p=5010"},"modified":"2023-04-14T01:49:18","modified_gmt":"2023-04-14T01:49:18","slug":"torreon-vivira-el-festival-de-reggae-hierbas-y-semillas","status":"publish","type":"post","link":"https:\/\/lavereda.com.mx\/index.php\/2023\/04\/13\/torreon-vivira-el-festival-de-reggae-hierbas-y-semillas\/","title":{"rendered":"Torre\u00f3n vivir\u00e1 el festival de reggae Hierbas y Semillas"},"content":{"rendered":"\n<p>La fiesta del reggae se vivir\u00e1 este fin de semana en Torre\u00f3n con el festival \u201cHierbas y semillas\u201d, aut\u00e9ntico \u201csound system\u201d del desierto lagunero, presentado por \u201cTikz\u00fa\u201d, el s\u00e1bado 15 de abril en el local ubicado en calle Garc\u00eda Carrillo 259 sur. La cita es a partir de las 20:00 horas.<\/p>\n\n\n\n<p>El&nbsp;<em>linup&nbsp;<\/em>de este festival se integra por: Jahko Dixon de Jamaica, Sandino Bakari de Torre\u00f3n, Deejay Clandestino de Monterrey, Lengualerta de Ciudad de M\u00e9xico y B.T.O de Torre\u00f3n.<\/p>\n\n\n\n<p>El organizador de esta gran fiesta de la hermandad, Iv\u00e1n Zilan, expres\u00f3 que \u201cpara los miles de j\u00f3venes latinoamericanos el Reggae representa una luz por su car\u00e1cter irreverente, festivo, l\u00fadico, cr\u00edtico, rebelde, amoroso, esperanzador, y que tambi\u00e9n perfila potencialmente las infinitas posibilidades de un verdadero y profundo cambio cultural desde las distintas geograf\u00edas donde nos movemos. Innumerables sue\u00f1os conectan deseos con realidades, de ah\u00ed su fuerza incontenible\u201d.<\/p>\n\n\n\n<p>Agreg\u00f3 que&nbsp;el reggae es un estilo de m\u00fasica con un ritmo especial que invita a bailar y reflexionar, cuyas letras hablan de libertad, esperanza, cambio social, amor y alegr\u00eda.<br>Nace en la d\u00e9cada de los 60\u00b4s (d\u00e9cada emblem\u00e1tica en la revoluci\u00f3n cultural planetaria) en la isla del Mar Caribe: Jamaica. Sus ra\u00edces est\u00e1n en el R&amp;B Afro estadounidense, Calipso, Mento, Percusi\u00f3n Nyahbinghi y en la filosof\u00eda Rastafari.<\/p>\n\n\n\n<p>Actualmente el reggae est\u00e1 esparcido por toda la tierra con una gran cantidad de variantes: Reggae-Rai (Argelia), Samba-Reggae (Brasil), Seggae (\u00c1frica), Reggae latinoamericano, etc.<\/p>\n\n\n\n<p>\u201cEsperamos verles por ah\u00ed y reforzar nuestros tejidos musicales comunes al estilo de Hierbas y Semillas\u201d, afirm\u00f3 el organizador y tambi\u00e9n participante de este gran festival. <em>El costo de la entrada es de $200.<\/em><\/p>\n","protected":false},"excerpt":{"rendered":"<p>La fiesta del reggae se vivir\u00e1 este fin de semana en Torre\u00f3n con el festival \u201cHierbas y semillas\u201d, aut\u00e9ntico \u201csound system\u201d del desierto lagunero, presentado por \u201cTikz\u00fa\u201d, el s\u00e1bado 15 &hellip; <a href=\"https:\/\/lavereda.com.mx\/index.php\/2023\/04\/13\/torreon-vivira-el-festival-de-reggae-hierbas-y-semillas\/\" class=\"more-link\">Leer m\u00e1s<\/a><\/p>\n","protected":false},"author":9,"featured_media":5011,"comment_status":"open","ping_status":"open","sticky":false,"template":"","format":"standard","meta":{"footnotes":""},"categories":[18,4],"tags":[79],"class_list":["post-5010","post","type-post","status-publish","format-standard","has-post-thumbnail","hentry","category-lomasrelevante","category-musica","tag-reggae","entry"],"_links":{"self":[{"href":"https:\/\/lavereda.com.mx\/index.php\/wp-json\/wp\/v2\/posts\/5010","targetHints":{"allow":["GET"]}}],"collection":[{"href":"https:\/\/lavereda.com.mx\/index.php\/wp-json\/wp\/v2\/posts"}],"about":[{"href":"https:\/\/lavereda.com.mx\/index.php\/wp-json\/wp\/v2\/types\/post"}],"author":[{"embeddable":true,"href":"https:\/\/lavereda.com.mx\/index.php\/wp-json\/wp\/v2\/users\/9"}],"replies":[{"embeddable":true,"href":"https:\/\/lavereda.com.mx\/index.php\/wp-json\/wp\/v2\/comments?post=5010"}],"version-history":[{"count":3,"href":"https:\/\/lavereda.com.mx\/index.php\/wp-json\/wp\/v2\/posts\/5010\/revisions"}],"predecessor-version":[{"id":5014,"href":"https:\/\/lavereda.com.mx\/index.php\/wp-json\/wp\/v2\/posts\/5010\/revisions\/5014"}],"wp:featuredmedia":[{"embeddable":true,"href":"https:\/\/lavereda.com.mx\/index.php\/wp-json\/wp\/v2\/media\/5011"}],"wp:attachment":[{"href":"https:\/\/lavereda.com.mx\/index.php\/wp-json\/wp\/v2\/media?parent=5010"}],"wp:term":[{"taxonomy":"category","embeddable":true,"href":"https:\/\/lavereda.com.mx\/index.php\/wp-json\/wp\/v2\/categories?post=5010"},{"taxonomy":"post_tag","embeddable":true,"href":"https:\/\/lavereda.com.mx\/index.php\/wp-json\/wp\/v2\/tags?post=5010"}],"curies":[{"name":"wp","href":"https:\/\/api.w.org\/{rel}","templated":true}]}}