{"id":5004,"date":"2023-04-13T04:36:20","date_gmt":"2023-04-13T04:36:20","guid":{"rendered":"http:\/\/lavereda.com.mx\/?p=5004"},"modified":"2023-04-16T17:26:39","modified_gmt":"2023-04-16T17:26:39","slug":"emmanuel-estara-de-vuelta-en-la-comarca-lagunera-con-toda-la-vida-tour","status":"publish","type":"post","link":"https:\/\/lavereda.com.mx\/index.php\/2023\/04\/13\/emmanuel-estara-de-vuelta-en-la-comarca-lagunera-con-toda-la-vida-tour\/","title":{"rendered":"Emmanuel estar\u00e1 de vuelta en la Comarca Lagunera con \u201cToda la Vida\u201d Tour&nbsp;"},"content":{"rendered":"\n<p>Emmanuel, el int\u00e9rprete y uno de los showman preferido por los laguneros se presentar\u00e1 en Torre\u00f3n en el Coliseo Centenario el d\u00eda 22 de abril a las 9 de la noche.<\/p>\n\n\n\n<p>El 7 de marzo se dio inicio a la venta de boletos, estos pueden conseguirse en Boletea de forma online al igual que en tiendas Cimaco y, por supuesto, tambi\u00e9n en las taquillas oficiales del Coliseo Centenario.<\/p>\n\n\n\n<p>El famoso compositor con m\u00e1s de 40 a\u00f1os de trayectoria en la industria y considerado uno de los artistas m\u00e1s importantes de la m\u00fasica en espa\u00f1ol, ofrece un show inveros\u00edmil en donde brinda boletos de varios precios, a continuaci\u00f3n te damos la lista:<\/p>\n\n\n\n<figure class=\"wp-block-image size-large\"><img fetchpriority=\"high\" decoding=\"async\" width=\"800\" height=\"1024\" src=\"https:\/\/lavereda.com.mx\/wp-content\/uploads\/2023\/04\/WhatsApp-Image-2023-04-12-at-08.53.23-800x1024.jpeg\" alt=\"\" class=\"wp-image-5006\" srcset=\"https:\/\/lavereda.com.mx\/wp-content\/uploads\/2023\/04\/WhatsApp-Image-2023-04-12-at-08.53.23-800x1024.jpeg 800w, https:\/\/lavereda.com.mx\/wp-content\/uploads\/2023\/04\/WhatsApp-Image-2023-04-12-at-08.53.23-234x300.jpeg 234w, https:\/\/lavereda.com.mx\/wp-content\/uploads\/2023\/04\/WhatsApp-Image-2023-04-12-at-08.53.23-768x983.jpeg 768w, https:\/\/lavereda.com.mx\/wp-content\/uploads\/2023\/04\/WhatsApp-Image-2023-04-12-at-08.53.23.jpeg 1000w\" sizes=\"(max-width: 800px) 100vw, 800px\" \/><\/figure>\n\n\n\n<p>Zona Fan: $2,850<\/p>\n\n\n\n<p>Chilchota VIP: $2,390<\/p>\n\n\n\n<p>Chilchota Dorado: $2,160<\/p>\n\n\n\n<p>Platino: $1,600<\/p>\n\n\n\n<p>Oro: $1,250<\/p>\n\n\n\n<p>Preferente: $1,030<\/p>\n\n\n\n<p>General: $680<\/p>\n\n\n\n<p>En el concierto escuchar\u00e1s un gran repertorio lleno de \u00e9xitos como \u201cBella Se\u00f1ora\u201d, \u201cChica de Humo\u201d, \u201cTengo Mucho Que Aprender De Ti\u201d, \u201cTodo Se Derrumb\u00f3\u201d, entre otros, acompa\u00f1ados de la carism\u00e1tica voz y energizantes movimientos del cantante.<\/p>\n","protected":false},"excerpt":{"rendered":"<p>Emmanuel, el int\u00e9rprete y uno de los showman preferido por los laguneros se presentar\u00e1 en Torre\u00f3n en el Coliseo Centenario el d\u00eda 22 de abril a las 9 de la &hellip; <a href=\"https:\/\/lavereda.com.mx\/index.php\/2023\/04\/13\/emmanuel-estara-de-vuelta-en-la-comarca-lagunera-con-toda-la-vida-tour\/\" class=\"more-link\">Leer m\u00e1s<\/a><\/p>\n","protected":false},"author":17,"featured_media":5005,"comment_status":"open","ping_status":"open","sticky":false,"template":"","format":"standard","meta":{"footnotes":""},"categories":[18,4],"tags":[],"class_list":["post-5004","post","type-post","status-publish","format-standard","has-post-thumbnail","hentry","category-lomasrelevante","category-musica","entry"],"_links":{"self":[{"href":"https:\/\/lavereda.com.mx\/index.php\/wp-json\/wp\/v2\/posts\/5004","targetHints":{"allow":["GET"]}}],"collection":[{"href":"https:\/\/lavereda.com.mx\/index.php\/wp-json\/wp\/v2\/posts"}],"about":[{"href":"https:\/\/lavereda.com.mx\/index.php\/wp-json\/wp\/v2\/types\/post"}],"author":[{"embeddable":true,"href":"https:\/\/lavereda.com.mx\/index.php\/wp-json\/wp\/v2\/users\/17"}],"replies":[{"embeddable":true,"href":"https:\/\/lavereda.com.mx\/index.php\/wp-json\/wp\/v2\/comments?post=5004"}],"version-history":[{"count":4,"href":"https:\/\/lavereda.com.mx\/index.php\/wp-json\/wp\/v2\/posts\/5004\/revisions"}],"predecessor-version":[{"id":5025,"href":"https:\/\/lavereda.com.mx\/index.php\/wp-json\/wp\/v2\/posts\/5004\/revisions\/5025"}],"wp:featuredmedia":[{"embeddable":true,"href":"https:\/\/lavereda.com.mx\/index.php\/wp-json\/wp\/v2\/media\/5005"}],"wp:attachment":[{"href":"https:\/\/lavereda.com.mx\/index.php\/wp-json\/wp\/v2\/media?parent=5004"}],"wp:term":[{"taxonomy":"category","embeddable":true,"href":"https:\/\/lavereda.com.mx\/index.php\/wp-json\/wp\/v2\/categories?post=5004"},{"taxonomy":"post_tag","embeddable":true,"href":"https:\/\/lavereda.com.mx\/index.php\/wp-json\/wp\/v2\/tags?post=5004"}],"curies":[{"name":"wp","href":"https:\/\/api.w.org\/{rel}","templated":true}]}}