{"id":5000,"date":"2023-04-10T03:31:33","date_gmt":"2023-04-10T03:31:33","guid":{"rendered":"http:\/\/lavereda.com.mx\/?p=5000"},"modified":"2023-04-10T03:33:32","modified_gmt":"2023-04-10T03:33:32","slug":"nop","status":"publish","type":"post","link":"https:\/\/lavereda.com.mx\/index.php\/2023\/04\/10\/nop\/","title":{"rendered":"Nope!"},"content":{"rendered":"\n<p><strong>Nope!, 2022<\/strong><\/p>\n\n\n\n<p>Cinepolis Klic<\/p>\n\n\n\n<p>Como historia de terror en la modernidad, Jordan Peele se mueve a una regi\u00f3n aislada de California, donde no hay conectividad y el tr\u00e1nsito de personas es escaso.<\/p>\n\n\n\n<p>Hasta all\u00e1 se encuentra una pareja de hermanos OJ (Daniel Kaluuya) y Emmerald (Keke Palmer), quienes heredan un criadero de caballos despu\u00e9s de la muerte de su padre en circunstancias inexplicables para la ciencia.<\/p>\n\n\n\n<p>Paulatinamente comienzan a detectar fen\u00f3menos inexplicables que ocurren en el cielo y que se relacionan con un hecho sorprendente, en apariencia mortal que solo se puede observar con sus debidas precauciones.<\/p>\n\n\n\n<p>Los visitantes desprevenidos son abducidos de manera horripilante.<\/p>\n\n\n\n<p>Peele hace de los hermanos dos ni\u00f1os desamparados que se encuentran a merced de algo depredador que jinetea entre las nubes y que parece imparable, aunque ellos encuentran la forma para confrontarlo.<\/p>\n\n\n\n<p>Es una variaci\u00f3n de Tibur\u00f3n, pero con componentes sobrenaturales con algo de ciencia ficci\u00f3n.<\/p>\n\n\n\n<p>Es una propuesta seductora de horror y suspenso.<\/p>\n\n\n\n<p>(R. Restringido; menores de 17 deben estar acompa\u00f1ados de sus padres)<\/p>\n\n\n\n<p>@LucianoCamposG<\/p>\n\n\n\n<figure class=\"wp-block-embed is-type-video is-provider-youtube wp-block-embed-youtube wp-embed-aspect-16-9 wp-has-aspect-ratio\"><div class=\"wp-block-embed__wrapper\">\n<iframe title=\"\u00a1Nop! (2022) Tr\u00e1iler Oficial Espa\u00f1ol\" width=\"1170\" height=\"658\" src=\"https:\/\/www.youtube.com\/embed\/v-hlPfBJt6k?feature=oembed\" frameborder=\"0\" allow=\"accelerometer; autoplay; clipboard-write; encrypted-media; gyroscope; picture-in-picture; web-share\" allowfullscreen><\/iframe>\n<\/div><\/figure>\n","protected":false},"excerpt":{"rendered":"<p>Nope!, 2022 Cinepolis Klic Como historia de terror en la modernidad, Jordan Peele se mueve a una regi\u00f3n aislada de California, donde no hay conectividad y el tr\u00e1nsito de personas &hellip; <a href=\"https:\/\/lavereda.com.mx\/index.php\/2023\/04\/10\/nop\/\" class=\"more-link\">Leer m\u00e1s<\/a><\/p>\n","protected":false},"author":3,"featured_media":5001,"comment_status":"open","ping_status":"open","sticky":false,"template":"","format":"standard","meta":{"footnotes":""},"categories":[6,18],"tags":[40],"class_list":["post-5000","post","type-post","status-publish","format-standard","has-post-thumbnail","hentry","category-cinetv","category-lomasrelevante","tag-cine","entry"],"_links":{"self":[{"href":"https:\/\/lavereda.com.mx\/index.php\/wp-json\/wp\/v2\/posts\/5000","targetHints":{"allow":["GET"]}}],"collection":[{"href":"https:\/\/lavereda.com.mx\/index.php\/wp-json\/wp\/v2\/posts"}],"about":[{"href":"https:\/\/lavereda.com.mx\/index.php\/wp-json\/wp\/v2\/types\/post"}],"author":[{"embeddable":true,"href":"https:\/\/lavereda.com.mx\/index.php\/wp-json\/wp\/v2\/users\/3"}],"replies":[{"embeddable":true,"href":"https:\/\/lavereda.com.mx\/index.php\/wp-json\/wp\/v2\/comments?post=5000"}],"version-history":[{"count":2,"href":"https:\/\/lavereda.com.mx\/index.php\/wp-json\/wp\/v2\/posts\/5000\/revisions"}],"predecessor-version":[{"id":5003,"href":"https:\/\/lavereda.com.mx\/index.php\/wp-json\/wp\/v2\/posts\/5000\/revisions\/5003"}],"wp:featuredmedia":[{"embeddable":true,"href":"https:\/\/lavereda.com.mx\/index.php\/wp-json\/wp\/v2\/media\/5001"}],"wp:attachment":[{"href":"https:\/\/lavereda.com.mx\/index.php\/wp-json\/wp\/v2\/media?parent=5000"}],"wp:term":[{"taxonomy":"category","embeddable":true,"href":"https:\/\/lavereda.com.mx\/index.php\/wp-json\/wp\/v2\/categories?post=5000"},{"taxonomy":"post_tag","embeddable":true,"href":"https:\/\/lavereda.com.mx\/index.php\/wp-json\/wp\/v2\/tags?post=5000"}],"curies":[{"name":"wp","href":"https:\/\/api.w.org\/{rel}","templated":true}]}}