{"id":499,"date":"2020-08-24T19:58:56","date_gmt":"2020-08-24T19:58:56","guid":{"rendered":"http:\/\/lavereda.com.mx\/?p=499"},"modified":"2020-08-24T20:00:49","modified_gmt":"2020-08-24T20:00:49","slug":"museo-arocena-anuncia-su-reapertura","status":"publish","type":"post","link":"https:\/\/lavereda.com.mx\/index.php\/2020\/08\/24\/museo-arocena-anuncia-su-reapertura\/","title":{"rendered":"Museo Arocena anuncia su reapertura"},"content":{"rendered":"\n<p>En un comunicado la directora del recinto, Rosario Ramos, anunci\u00f3 las nuevas medidas entrada al museo; que abrir\u00e1 sus puertas al p\u00fablico en general solo los mi\u00e9rcoles y domingos, a partir del 26 de agosto:<\/p>\n\n\n\n<p>\u00abHan pasado cerca de cinco meses desde que por emergencia sanitaria nacional, cerramos temporalmente las puertas del Museo Arocena. Pensando en la seguridad de nuestros visitantes, acatamos las recomendaciones y sugerencias de las autoridades gubernamentales y representantes del sector salud.&nbsp;<\/p>\n\n\n\n<p>Desde nuestros hogares, accesamos a interesantes charlas de arte e historia, disfrutamos de cuentos en familia e incluso tuvimos la oportunidad de platicar acerca de buenos libros.\u00a0Aunque la contingencia impidi\u00f3 que nos reuni\u00e9ramos de manera presencial, encontramos nuevas formas de interacci\u00f3n. Algunas de hecho, nos permitieron llegar a m\u00e1s familias, como es el caso del curso de verano. Gracias al formato en l\u00ednea, atendimos un gran n\u00famero de ni\u00f1os y ni\u00f1as, incluso m\u00e1s que en las ediciones presenciales.\u00a0<\/p>\n\n\n\n<blockquote class=\"wp-block-quote is-layout-flow wp-block-quote-is-layout-flow\"><p>A pesar de la distancia, fue gracias al cari\u00f1o de nuestros visitantes que encontramos la manera de permanecer en contacto. Si hubo incertidumbre y desesperaci\u00f3n o frustraci\u00f3n, tambi\u00e9n fueron tiempos de nuevas reflexiones y experiencias.\u00a0Si bien ha llegado el momento de ir retomando un poco nuestra vida cotidiana, no podemos negar que nos encontramos en un mundo diferente al que dejamos. Nuestras costumbres de interacci\u00f3n social ya no son las mismas y requieren de un esfuerzo extra para garantizar la seguridad y salud de nosotros, de nuestra familia y la comunidad.<\/p><\/blockquote>\n\n\n\n<p>Por lo anterior, al momento de reabrir las puertas del Museo Arocena queremos asegurar a nuestro p\u00fablico que se encuentran un espacio seguro. Tras varios meses de planificaci\u00f3n y largas juntas en videoconferencia con todo el equipo, ideamos un plan de regreso que cumpliera con estrictos lineamientos que garanticen la seguridad de los visitantes\u00bb, dio a conocer la directora.<\/p>\n\n\n\n<p>Se\u00f1al\u00f3 que en esta&nbsp; \u201cFase de Reapertura\u201d, las instalaciones del Museo Arocena abren de manera parcial, \u00fanicamente para permitir la visita a salas, de una manera controlada y con estrictos lineamientos que garanticen la seguridad de los visitantes.<\/p>\n\n\n\n<p>\u00b7&nbsp;&nbsp;&nbsp;&nbsp;&nbsp; Nuevos horarios de atenci\u00f3n. <strong>S\u00f3lo los mi\u00e9rcoles y domingos de 10:00 a 18:00 hrs<\/strong>. (Con horario de atenci\u00f3n preferente para la comunidad vulnerable de 10:00 a 12:00 hrs.) <strong>Entrada libre para todos nuestros visitantes.<\/strong><\/p>\n\n\n\n<p>\u00b7&nbsp;&nbsp;&nbsp;&nbsp;&nbsp; Instalaci\u00f3n de filtros sanitarios en accesos del museo para visitantes y personal del museo: Tapete desinfectante, toma de temperatura, gel antibacterial, uso obligatorio de cubrebocas.<\/p>\n\n\n\n<p>\u00b7&nbsp;&nbsp;&nbsp;&nbsp;&nbsp; Acceso limitado a salas de exhibici\u00f3n.<\/p>\n\n\n\n<p>\u00b7&nbsp;&nbsp;&nbsp;&nbsp;&nbsp; Instalaci\u00f3n de se\u00f1al\u00e9tica en accesos del museo as\u00ed como al interior de las instalaciones con los lineamientos de sanidad y reglamento de visita.<\/p>\n\n\n\n<p>\u00b7&nbsp;&nbsp;&nbsp;&nbsp;&nbsp; Estaciones de sanitizaci\u00f3n personal en puntos estrat\u00e9gicos al interior del museo con gel antibacterial para el uso de empleados y visitantes.<\/p>\n\n\n\n<p>\u00b7&nbsp;&nbsp;&nbsp;&nbsp;&nbsp; Uso obligatorio de equipo de protecci\u00f3n personal para todo el personal del museo, con especial hincapi\u00e9 a empleados de atenci\u00f3n al p\u00fablico (Tapabocas, careta, guantes, etc).&nbsp;<\/p>\n\n\n\n<p>\u00b7&nbsp;&nbsp;&nbsp;&nbsp;&nbsp; Todas las actividades presenciales, con excepci\u00f3n de la visita a salas del museo, contin\u00faan suspendidas.<\/p>\n\n\n\n<p>\u00b7&nbsp;&nbsp;&nbsp;&nbsp;&nbsp; Recorridos guiados con limitaciones de duraci\u00f3n, cantidad de personas y \u00e1reas de exhibici\u00f3n.<\/p>\n\n\n\n<p>\u00b7&nbsp;&nbsp;&nbsp;&nbsp;&nbsp; Cumplimiento de altas medidas de limpieza, desinfecci\u00f3n y mantenimiento de las instalaciones.<\/p>\n\n\n\n<p>\u00b7&nbsp;&nbsp;&nbsp;&nbsp;&nbsp; \u00danicamente el personal indispensable para el funcionamiento \u00f3ptimo de esta fase de reapertura acude de manera rutinaria al museo. El resto del personal contin\u00faa laborando de manera remota y\/o controlada.<\/p>\n\n\n\n<p><\/p>\n","protected":false},"excerpt":{"rendered":"<p>En un comunicado la directora del recinto, Rosario Ramos, anunci\u00f3 las nuevas medidas entrada al museo; que abrir\u00e1 sus puertas al p\u00fablico en general solo los mi\u00e9rcoles y domingos, a partir del 26 de agosto:<\/p>\n","protected":false},"author":1,"featured_media":500,"comment_status":"open","ping_status":"open","sticky":false,"template":"","format":"standard","meta":{"footnotes":""},"categories":[3,18],"tags":[],"class_list":["post-499","post","type-post","status-publish","format-standard","has-post-thumbnail","hentry","category-artes-visuales","category-lomasrelevante","entry"],"_links":{"self":[{"href":"https:\/\/lavereda.com.mx\/index.php\/wp-json\/wp\/v2\/posts\/499","targetHints":{"allow":["GET"]}}],"collection":[{"href":"https:\/\/lavereda.com.mx\/index.php\/wp-json\/wp\/v2\/posts"}],"about":[{"href":"https:\/\/lavereda.com.mx\/index.php\/wp-json\/wp\/v2\/types\/post"}],"author":[{"embeddable":true,"href":"https:\/\/lavereda.com.mx\/index.php\/wp-json\/wp\/v2\/users\/1"}],"replies":[{"embeddable":true,"href":"https:\/\/lavereda.com.mx\/index.php\/wp-json\/wp\/v2\/comments?post=499"}],"version-history":[{"count":2,"href":"https:\/\/lavereda.com.mx\/index.php\/wp-json\/wp\/v2\/posts\/499\/revisions"}],"predecessor-version":[{"id":502,"href":"https:\/\/lavereda.com.mx\/index.php\/wp-json\/wp\/v2\/posts\/499\/revisions\/502"}],"wp:featuredmedia":[{"embeddable":true,"href":"https:\/\/lavereda.com.mx\/index.php\/wp-json\/wp\/v2\/media\/500"}],"wp:attachment":[{"href":"https:\/\/lavereda.com.mx\/index.php\/wp-json\/wp\/v2\/media?parent=499"}],"wp:term":[{"taxonomy":"category","embeddable":true,"href":"https:\/\/lavereda.com.mx\/index.php\/wp-json\/wp\/v2\/categories?post=499"},{"taxonomy":"post_tag","embeddable":true,"href":"https:\/\/lavereda.com.mx\/index.php\/wp-json\/wp\/v2\/tags?post=499"}],"curies":[{"name":"wp","href":"https:\/\/api.w.org\/{rel}","templated":true}]}}