{"id":4977,"date":"2023-04-03T16:09:26","date_gmt":"2023-04-03T16:09:26","guid":{"rendered":"http:\/\/lavereda.com.mx\/?p=4977"},"modified":"2023-04-03T16:10:38","modified_gmt":"2023-04-03T16:10:38","slug":"en-la-fil-guadalajara-expresan-tristeza-por-el-fallecimiento-de-raul-padilla","status":"publish","type":"post","link":"https:\/\/lavereda.com.mx\/index.php\/2023\/04\/03\/en-la-fil-guadalajara-expresan-tristeza-por-el-fallecimiento-de-raul-padilla\/","title":{"rendered":"En la FIL Guadalajara expresan tristeza por el fallecimiento de Ra\u00fal Padilla L\u00f3pez"},"content":{"rendered":"\n<ul class=\"wp-block-list\"><li>Literatura, arte y libertad: la herencia cultural de Ra\u00fal Padilla L\u00f3pez (1954-2023): FIL Guadalajara.<\/li><\/ul>\n\n\n\n<p>La Feria Internacional del Libro de Guadalajara, a trav\u00e9s de un comunicado, lament\u00f3 el sensible fallecimiento de Ra\u00fal Padilla L\u00f3pez (1954-2023), fundador y presidente de su Comit\u00e9 Organizador y uno de los promotores culturales m\u00e1s importantes del pa\u00eds, reconocido en todo el orbe por sus aportes al di\u00e1logo internacional.<\/p>\n\n\n\n<p>Desde su periodo universitario, Ra\u00fal Padilla L\u00f3pez se distingui\u00f3 por el impulso que dio a la promoci\u00f3n del arte y la cultura. A mitad de la d\u00e9cada de los setenta fue director del Cine-Club de Arte y promotor de las revistas&nbsp;<em>A<\/em>&nbsp;y&nbsp;<em>Omeyotl<\/em>&nbsp;desde la Facultad de Filosof\u00eda y Letras de la Universidad de Guadalajara (UDG). Desde entonces ya se prefiguraban los intereses que marcar\u00edan dos de sus principales legados para la vida cultural de la ciudad, el estado y el pa\u00eds: el cine y la literatura.<\/p>\n\n\n\n<p>En 1987 conjunt\u00f3 esfuerzos y voluntades para crear la Feria Internacional del Libro de Guadalajara, que pronto se convertir\u00eda en el encuentro librero m\u00e1s importante de habla hispana y plataforma para la promoci\u00f3n de la lectura y muchas otras expresiones art\u00edsticas. Bajo su tutela, la Feria se consolid\u00f3&nbsp;como un espacio cultural cuya importancia ha sido reconocida, entre otros galardones, con la Orden de Rio Branco 2022, en Brasil; y el Premio Princesa de Asturias en Comunicaci\u00f3n y Humanidades 2020, en Espa\u00f1a.&nbsp;<\/p>\n\n\n\n<p>Junto con los escritores Juan Jos\u00e9&nbsp;Arreola y Fernando del Paso, Padilla L\u00f3pez estuvo a cargo de la creaci\u00f3n, promoci\u00f3n y consolidaci\u00f3n del Premio de Literatura Latinoamericana y del Caribe Juan Rulfo, hoy Premio FIL de Literatura en Lenguas Romances, uno de los galardones literarios m\u00e1s importantes a nivel mundial. Adem\u00e1s, junto con los escritores Carlos Fuentes y Gabriel Garc\u00eda M\u00e1rquez cre\u00f3&nbsp;la C\u00e1tedra Latinoamericana Julio Cort\u00e1zar&nbsp;de la Universidad de Guadalajara.<\/p>\n\n\n\n<p>Ra\u00fal Padilla L\u00f3pez tambi\u00e9n fund\u00f3 la&nbsp;Muestra de Cine Mexicano, que m\u00e1s tarde se convirti\u00f3 en el Festival Internacional de Cine en Guadalajara (FICG), expandiendo as\u00ed su alcance y proyecci\u00f3n. Siempre con car\u00e1cter&nbsp;visionario, impuls\u00f3&nbsp;la creaci\u00f3n&nbsp;de L\u00e9aLA, una feria del libro y festival cultural que a\u00f1o&nbsp;con a\u00f1o&nbsp;tiene como sede la ciudad de Los \u00c1ngeles, California.&nbsp;<\/p>\n\n\n\n<p>Con la amplitud de miras que siempre distingui\u00f3 su labor como gestor y promotor cultural, impuls\u00f3 la creaci\u00f3n del Centro Cultural Universitario de la UDG que incluye el Auditorio Telmex, el m\u00e1s importante de la regi\u00f3n; la Biblioteca P\u00fablica&nbsp;Juan Jos\u00e9&nbsp;Arreola; la Cineteca FICG; el Conjunto Santander de Artes Esc\u00e9nicas y el Museo de Ciencias Ambientales, actualmente en construcci\u00f3n.<\/p>\n\n\n\n<p>El trabajo de Ra\u00fal Padilla como gestor y promotor cultural ha sido reconocido en diferentes ocasiones en las escalas nacional e internacional. Recibi\u00f3 la condecoraci\u00f3n como Caballero de la Legi\u00f3n de Honor por parte del Gobierno de Francia, adem\u00e1s de la Cruz de Saint Jordi, de la Generalitat de Catalu\u00f1a; el reconocimiento como promotor cultural por parte del Ayuntamiento de Guadalajara y el Congreso de Jalisco; el Premio El\u00edas Sarqu\u00eds; la condecoraci\u00f3n Isabel la Cat\u00f3lica otorgada por el entonces rey de Espa\u00f1a, Juan Carlos I; el nombramiento como patrono por parte de la Biblioteca Virtual Miguel de Cervantes, entre otros premios, distinciones y homenajes.<\/p>\n\n\n\n<p>Es innegable que su labor marc\u00f3 el devenir cultural del estado, la regi\u00f3n y el pa\u00eds de la era reciente y su legado permanecer\u00e1 en las obras y recintos cuya vocaci\u00f3n perfil\u00f3 y consolid\u00f3. <\/p>\n\n\n\n<blockquote class=\"wp-block-quote is-layout-flow wp-block-quote-is-layout-flow\"><p>Marisol Schulz Manaut, directora general de la FIL Guadalajara, expres\u00f3 que la noticia de la muerte de Ra\u00fal Padilla L\u00f3pez&nbsp;\u201cgolpea en lo profesional, pero sobre todo en lo personal, porque para m\u00ed, adem\u00e1s de ser un visionario que hizo hasta lo incre\u00edble por la cultura de nuestro pa\u00eds, por la cultura de Jalisco, por la cultura en espa\u00f1ol, adem\u00e1s de todo eso, Ra\u00fal fue un gran amigo, una persona que tuve la fortuna de tener cerca durante casi catorce a\u00f1os y a quien conoc\u00ed desde el primer d\u00eda que fui a la FIL de Guadalajara, en 1987\u201d.<\/p><\/blockquote>\n\n\n\n<p>En nombre del Comit\u00e9&nbsp;Organizador de la Feria, Schulz Manaut dijo:&nbsp;\u201cSeguiremos su ejemplo. La FIL continuar\u00e1 con la luz que nos dej\u00f3 Ra\u00fal y ahora con mayor fuerza que nunca, porque debemos a su memoria la continuaci\u00f3n de lo que&nbsp;\u00e9l tanto quiso: la FIL y cada uno de los proyectos que&nbsp;\u00e9l inici\u00f3. Como equipo estamos dolidos, consternados, muy golpeados, pero sacaremos fuerza para continuar con el legado que nos dej\u00f3 Ra\u00fal Padilla L\u00f3pez. Descansa en paz, querido amigo\u201d.<\/p>\n\n\n\n<p>Desde la Feria Internacional del Libro de Guadalajara nos unimos a las diferentes voces que han expresado su reconocimiento a la labor realizada por Ra\u00fal Padilla L\u00f3pez en su car\u00e1cter de presidente de la Feria, y como promotor cultural que puso a Guadalajara y a Jalisco en el mapa de la cultura mundial. Honraremos su memoria trabajando por la difusi\u00f3n de la literatura como agente de transformaci\u00f3n y en la consolidaci\u00f3n de un espacio abierto a todas las voces, y para el libre intercambio y debate de las ideas.&nbsp;<\/p>\n\n\n\n<p><em>Descanse en paz<\/em>.<\/p>\n","protected":false},"excerpt":{"rendered":"<p>Literatura, arte y libertad: la herencia cultural de Ra\u00fal Padilla L\u00f3pez (1954-2023): FIL Guadalajara. La Feria Internacional del Libro de Guadalajara, a trav\u00e9s de un comunicado, lament\u00f3 el sensible fallecimiento &hellip; <a href=\"https:\/\/lavereda.com.mx\/index.php\/2023\/04\/03\/en-la-fil-guadalajara-expresan-tristeza-por-el-fallecimiento-de-raul-padilla\/\" class=\"more-link\">Leer m\u00e1s<\/a><\/p>\n","protected":false},"author":1,"featured_media":4978,"comment_status":"open","ping_status":"open","sticky":false,"template":"","format":"standard","meta":{"footnotes":""},"categories":[5,18],"tags":[],"class_list":["post-4977","post","type-post","status-publish","format-standard","has-post-thumbnail","hentry","category-letras-y-libros","category-lomasrelevante","entry"],"_links":{"self":[{"href":"https:\/\/lavereda.com.mx\/index.php\/wp-json\/wp\/v2\/posts\/4977","targetHints":{"allow":["GET"]}}],"collection":[{"href":"https:\/\/lavereda.com.mx\/index.php\/wp-json\/wp\/v2\/posts"}],"about":[{"href":"https:\/\/lavereda.com.mx\/index.php\/wp-json\/wp\/v2\/types\/post"}],"author":[{"embeddable":true,"href":"https:\/\/lavereda.com.mx\/index.php\/wp-json\/wp\/v2\/users\/1"}],"replies":[{"embeddable":true,"href":"https:\/\/lavereda.com.mx\/index.php\/wp-json\/wp\/v2\/comments?post=4977"}],"version-history":[{"count":2,"href":"https:\/\/lavereda.com.mx\/index.php\/wp-json\/wp\/v2\/posts\/4977\/revisions"}],"predecessor-version":[{"id":4980,"href":"https:\/\/lavereda.com.mx\/index.php\/wp-json\/wp\/v2\/posts\/4977\/revisions\/4980"}],"wp:featuredmedia":[{"embeddable":true,"href":"https:\/\/lavereda.com.mx\/index.php\/wp-json\/wp\/v2\/media\/4978"}],"wp:attachment":[{"href":"https:\/\/lavereda.com.mx\/index.php\/wp-json\/wp\/v2\/media?parent=4977"}],"wp:term":[{"taxonomy":"category","embeddable":true,"href":"https:\/\/lavereda.com.mx\/index.php\/wp-json\/wp\/v2\/categories?post=4977"},{"taxonomy":"post_tag","embeddable":true,"href":"https:\/\/lavereda.com.mx\/index.php\/wp-json\/wp\/v2\/tags?post=4977"}],"curies":[{"name":"wp","href":"https:\/\/api.w.org\/{rel}","templated":true}]}}