{"id":4974,"date":"2023-04-02T02:23:26","date_gmt":"2023-04-02T02:23:26","guid":{"rendered":"http:\/\/lavereda.com.mx\/?p=4974"},"modified":"2023-04-02T02:23:28","modified_gmt":"2023-04-02T02:23:28","slug":"seguimos-siendo-una-ciudad-sin-una-facultad-de-letras-vicente-alfonso","status":"publish","type":"post","link":"https:\/\/lavereda.com.mx\/index.php\/2023\/04\/02\/seguimos-siendo-una-ciudad-sin-una-facultad-de-letras-vicente-alfonso\/","title":{"rendered":"\u00abSeguimos siendo una ciudad sin una facultad de letras\u00bb: Vicente Alfonso"},"content":{"rendered":"\n<p>En su visita a esta ciudad para presentar su m\u00e1s reciente novela \u201cLa sangre desconocida\u201d, el reconocido escritor lagunero Vicente Alfonso, acreedor a diversos premios literarios, manifest\u00f3 que Torre\u00f3n \u201cseguimos siendo una ciudad sin una facultad de letras\u201d de donde, sin embargo, han emergido grandes talentos.<\/p>\n\n\n\n<p>Mencion\u00f3 y agradeci\u00f3 la presencia de autoras y autores como Magda Madero, Yolanda Natera, Jaime Mu\u00f1oz, Sa\u00fal Rosales, por mencionar algunos de los que se encontraban el pasado viernes en la presentaci\u00f3n de su novela.<\/p>\n\n\n\n<p>En una de las galer\u00edas del Instituto Municipal de Cultura y Educaci\u00f3n, que por cierto no fuue suficiente por la cantidad de p\u00fablico que acudi\u00f3 a la charla, se dieron cita el autor, la periodista Jessica Ayala y el escritor Sa\u00fal Rosales, quienes comentaron la obra publicada por el sello de Alfaguara.&nbsp;<\/p>\n\n\n\n<p>Ambos relataron detalles de la novela como la forma en la que est\u00e1n entre tejidas las historias, que se sit\u00faan en tiempos y personajes distintos, con el hilo conductor de las desparaciones y la sangre que ha corrido por el pa\u00eds en las guerras sociales.&nbsp;<\/p>\n\n\n\n<p>Al inicio de su discurso, Vicente Alfonso se refiri\u00f3 a la tradici\u00f3n literaria lagunera, afirm\u00f3 que aun vivimos \u201cuna precariedad literaria\u201d, por la ausencia de una facultad de letras, que ha originado que muchos autores decidan prepararse fuera de aqu\u00ed.<\/p>\n\n\n\n<p>Record\u00f3 el caso de la poeta Enriqueta Ochoa que sali\u00f3 de su ciudad porque la censuraron a los 19 a\u00f1os por escribir el poemario \u201cLas urgencias de un Dios\u201d. No obstante, se\u00f1al\u00f3 que \u201ctenemos una tradici\u00f3n literaria que quiero honrar y tenemos muchos escritores j\u00f3venes\u201d.<\/p>\n\n\n\n<p>En cuanto a \u201cLa sangre desconocida\u201d, que mereci\u00f3 el Premio Nacional de novela \u00c9lmer Mendoza, coment\u00f3 que hay cuatro momentos que&nbsp;marcan la novela:<\/p>\n\n\n\n<p>Uno de ellos se sit\u00faa en el a\u00f1o 1977, \u201cque tiene que ver con mis padres: personas muy comprometidas con las causas sociales.. siempre he reconocido esa congruencia de mis padres\u201d.<\/p>\n\n\n\n<p>Sobre el t\u00e9rmino desconocida, dijo que se trata de que hay una sangre que podemos no conocer y una sangre que desconocemos de una manera consciente: la que emerge de las luchas sociales.&nbsp;<\/p>\n\n\n\n<p>Otro de los momentos se sit\u00faa en Mazatl\u00e1n y otro en Carolina del Norte, en Cammel City en el sur de Estados Unidos, una ciudad donde empez\u00f3 una de las cruzadas por la defensa de derechos civiles. Otro momento se ubica en Chilpancingo, una regi\u00f3n donde se vivieron&nbsp;&nbsp;episodios muy duros de la llamada \u201cguerra sucia\u201d.<\/p>\n\n\n\n<p>Esta novela policiaca, relat\u00f3 el autor, fue escrita diez veces y la onceava y \u00faltima se escribi\u00f3 en la estancia literaria que Vicente Alfonso realiz\u00f3 en la Casa estudio de Gabriel Garc\u00eda M\u00e1rquez en el 2021.<\/p>\n\n\n\n<p>El libro se encuentra en venta en las principales librer\u00edas de la ciudad.<\/p>\n","protected":false},"excerpt":{"rendered":"<p>En su visita a esta ciudad para presentar su m\u00e1s reciente novela \u201cLa sangre desconocida\u201d, el reconocido escritor lagunero Vicente Alfonso, acreedor a diversos premios literarios, manifest\u00f3 que Torre\u00f3n \u201cseguimos &hellip; <a href=\"https:\/\/lavereda.com.mx\/index.php\/2023\/04\/02\/seguimos-siendo-una-ciudad-sin-una-facultad-de-letras-vicente-alfonso\/\" class=\"more-link\">Leer m\u00e1s<\/a><\/p>\n","protected":false},"author":9,"featured_media":4975,"comment_status":"open","ping_status":"open","sticky":false,"template":"","format":"standard","meta":{"footnotes":""},"categories":[5,18],"tags":[32],"class_list":["post-4974","post","type-post","status-publish","format-standard","has-post-thumbnail","hentry","category-letras-y-libros","category-lomasrelevante","tag-literatura","entry"],"_links":{"self":[{"href":"https:\/\/lavereda.com.mx\/index.php\/wp-json\/wp\/v2\/posts\/4974","targetHints":{"allow":["GET"]}}],"collection":[{"href":"https:\/\/lavereda.com.mx\/index.php\/wp-json\/wp\/v2\/posts"}],"about":[{"href":"https:\/\/lavereda.com.mx\/index.php\/wp-json\/wp\/v2\/types\/post"}],"author":[{"embeddable":true,"href":"https:\/\/lavereda.com.mx\/index.php\/wp-json\/wp\/v2\/users\/9"}],"replies":[{"embeddable":true,"href":"https:\/\/lavereda.com.mx\/index.php\/wp-json\/wp\/v2\/comments?post=4974"}],"version-history":[{"count":1,"href":"https:\/\/lavereda.com.mx\/index.php\/wp-json\/wp\/v2\/posts\/4974\/revisions"}],"predecessor-version":[{"id":4976,"href":"https:\/\/lavereda.com.mx\/index.php\/wp-json\/wp\/v2\/posts\/4974\/revisions\/4976"}],"wp:featuredmedia":[{"embeddable":true,"href":"https:\/\/lavereda.com.mx\/index.php\/wp-json\/wp\/v2\/media\/4975"}],"wp:attachment":[{"href":"https:\/\/lavereda.com.mx\/index.php\/wp-json\/wp\/v2\/media?parent=4974"}],"wp:term":[{"taxonomy":"category","embeddable":true,"href":"https:\/\/lavereda.com.mx\/index.php\/wp-json\/wp\/v2\/categories?post=4974"},{"taxonomy":"post_tag","embeddable":true,"href":"https:\/\/lavereda.com.mx\/index.php\/wp-json\/wp\/v2\/tags?post=4974"}],"curies":[{"name":"wp","href":"https:\/\/api.w.org\/{rel}","templated":true}]}}