{"id":4971,"date":"2023-04-02T00:54:23","date_gmt":"2023-04-02T00:54:23","guid":{"rendered":"http:\/\/lavereda.com.mx\/?p=4971"},"modified":"2023-04-02T00:54:25","modified_gmt":"2023-04-02T00:54:25","slug":"the-last-of-us-temporada-1","status":"publish","type":"post","link":"https:\/\/lavereda.com.mx\/index.php\/2023\/04\/02\/the-last-of-us-temporada-1\/","title":{"rendered":"The last of us (temporada 1)"},"content":{"rendered":"\n<p><em><strong>The last of us, 2023<\/strong><\/em><\/p>\n\n\n\n<p><strong>HBO Max<\/strong><\/p>\n\n\n\n<p>El chileno Pedro Pascal se consolida como la estrella hispana emergente en su papel de Joel, un rudo sobreviviente del pa\u00eds devastado por una infecci\u00f3n que convierte a la gente en zombi.<\/p>\n\n\n\n<p>Impulsado por la b\u00fasqueda de su hermano recorre ciudades en ruinas hasta que, en el camino, se encuentra con la adolescente Ellie (Bella Ramsey), de naturaleza dura y temeraria, con la que buscar\u00e1n llegar a un refugio donde estar\u00e1n a salvo.<\/p>\n\n\n\n<p>La serie de nueve episodios, basada en un videojuego hom\u00f3nimo, es una superproducci\u00f3n de Canad\u00e1 ubicada en Estados Unidos. Como el mismo juego de video, la pareja de parias que se convierten en padre e hija deben superar obst\u00e1culos en base a la violencia.<\/p>\n\n\n\n<p>No solo est\u00e1n obligados a escapar de los seres horripilantes que alguna vez fueron humanos, sino tambi\u00e9n a hordas de rebeldes que se oponen a la forma en que el gobierno ha manejado la crisis, aunque se manejan como anarquistas que matan y atropellan a quien quieren.<\/p>\n\n\n\n<p>Es una serie llena de acci\u00f3n, con mucha adrenalina y con un gran contenido social, sobre la desconfianza hacia los otros.<\/p>\n\n\n\n<p>Excelente.<\/p>\n\n\n\n<p>Ya est\u00e1 anunciada la segunda temporada.<\/p>\n\n\n\n<p>(R. Restringido; menores de 17 deben estar acompa\u00f1ados de sus padres)<\/p>\n\n\n\n<p>@LucianoCamposG<\/p>\n\n\n\n<figure class=\"wp-block-embed is-type-video is-provider-youtube wp-block-embed-youtube wp-embed-aspect-16-9 wp-has-aspect-ratio\"><div class=\"wp-block-embed__wrapper\">\n<iframe title=\"The Last of Us | Tr\u00e1iler oficial | Espa\u00f1ol subtitulado | HBO Max\" width=\"1170\" height=\"658\" src=\"https:\/\/www.youtube.com\/embed\/yyGetSp7CIc?feature=oembed\" frameborder=\"0\" allow=\"accelerometer; autoplay; clipboard-write; encrypted-media; gyroscope; picture-in-picture; web-share\" allowfullscreen><\/iframe>\n<\/div><\/figure>\n","protected":false},"excerpt":{"rendered":"<p>The last of us, 2023 HBO Max El chileno Pedro Pascal se consolida como la estrella hispana emergente en su papel de Joel, un rudo sobreviviente del pa\u00eds devastado por &hellip; <a href=\"https:\/\/lavereda.com.mx\/index.php\/2023\/04\/02\/the-last-of-us-temporada-1\/\" class=\"more-link\">Leer m\u00e1s<\/a><\/p>\n","protected":false},"author":3,"featured_media":4972,"comment_status":"open","ping_status":"open","sticky":false,"template":"","format":"standard","meta":{"footnotes":""},"categories":[6,18],"tags":[],"class_list":["post-4971","post","type-post","status-publish","format-standard","has-post-thumbnail","hentry","category-cinetv","category-lomasrelevante","entry"],"_links":{"self":[{"href":"https:\/\/lavereda.com.mx\/index.php\/wp-json\/wp\/v2\/posts\/4971","targetHints":{"allow":["GET"]}}],"collection":[{"href":"https:\/\/lavereda.com.mx\/index.php\/wp-json\/wp\/v2\/posts"}],"about":[{"href":"https:\/\/lavereda.com.mx\/index.php\/wp-json\/wp\/v2\/types\/post"}],"author":[{"embeddable":true,"href":"https:\/\/lavereda.com.mx\/index.php\/wp-json\/wp\/v2\/users\/3"}],"replies":[{"embeddable":true,"href":"https:\/\/lavereda.com.mx\/index.php\/wp-json\/wp\/v2\/comments?post=4971"}],"version-history":[{"count":1,"href":"https:\/\/lavereda.com.mx\/index.php\/wp-json\/wp\/v2\/posts\/4971\/revisions"}],"predecessor-version":[{"id":4973,"href":"https:\/\/lavereda.com.mx\/index.php\/wp-json\/wp\/v2\/posts\/4971\/revisions\/4973"}],"wp:featuredmedia":[{"embeddable":true,"href":"https:\/\/lavereda.com.mx\/index.php\/wp-json\/wp\/v2\/media\/4972"}],"wp:attachment":[{"href":"https:\/\/lavereda.com.mx\/index.php\/wp-json\/wp\/v2\/media?parent=4971"}],"wp:term":[{"taxonomy":"category","embeddable":true,"href":"https:\/\/lavereda.com.mx\/index.php\/wp-json\/wp\/v2\/categories?post=4971"},{"taxonomy":"post_tag","embeddable":true,"href":"https:\/\/lavereda.com.mx\/index.php\/wp-json\/wp\/v2\/tags?post=4971"}],"curies":[{"name":"wp","href":"https:\/\/api.w.org\/{rel}","templated":true}]}}