{"id":4963,"date":"2023-03-28T19:02:02","date_gmt":"2023-03-28T19:02:02","guid":{"rendered":"http:\/\/lavereda.com.mx\/?p=4963"},"modified":"2023-03-28T19:04:24","modified_gmt":"2023-03-28T19:04:24","slug":"el-escritor-vicente-alfonso-presentara-su-mas-reciente-novela-en-torreon","status":"publish","type":"post","link":"https:\/\/lavereda.com.mx\/index.php\/2023\/03\/28\/el-escritor-vicente-alfonso-presentara-su-mas-reciente-novela-en-torreon\/","title":{"rendered":"El escritor Vicente Alfonso presentar\u00e1 su m\u00e1s reciente novela en Torre\u00f3n"},"content":{"rendered":"\n<p>Esta semana el escritor lagunero Vicente Alfonso visita Torre\u00f3n para impartir el taller \u201cCarpinter\u00eda narrativa\u201d y para presentar su m\u00e1s reciente novela \u201cLa sangre desconocida\u201d, publicada por Alfaguara en coedici\u00f3n con la Universidad Aut\u00f3noma de Sinaloa y que mereci\u00f3 el Premio Nacional de novela \u00c9lmer Mendoza, 2021.<\/p>\n\n\n\n<p>El Instituto Municipal de Cultura y Educaci\u00f3n inform\u00f3 que para el taller de narrativa ya se llen\u00f3 el cupo de participantes, los d\u00edas 30 y 31 de marzo. La presentaci\u00f3n del libro ser\u00e1 el viernes 31 de marzo a las 20:00 horas, con los comentarios del escritor Sa\u00fal Rosales y la periodista Jessica Ayala, en las instalaciones del IMCE (Ju\u00e1rez y Col\u00f3n).<\/p>\n\n\n\n<p>La s\u00edntesis de la novela, narra lo siguiente:<\/p>\n\n\n\n<p>\u201cNo s\u00f3lo el cartel est\u00e1 manchado de sangre, tambi\u00e9n lo est\u00e1 el vestido que Mam\u00e1 Flor guarda como recuerdo de su hija. &#8230; Cuando la muchacha no volvi\u00f3, Mam\u00e1 Flor intent\u00f3 lavarlo y remendarlo. Pero nada es tan dif\u00edcil de limpiar como la sangre.1971: la peque\u00f1a ciudad estadounidense de Camel City se cimbra cuando la heredera de un emporio multimillonario desaparece de su habitaci\u00f3n en un exclusivo internado para se\u00f1oritas\u201d.&nbsp;<\/p>\n\n\n\n<p>La sangre desconocida es una novela donde pocas cosas son lo que parecen, cuya lectura nos incita a replantear nuestras ideas en torno a la identidad y la legalidad.<\/p>\n\n\n\n<p>Sobre esta obra, la cr\u00edtica ha expresado:<\/p>\n\n\n\n<blockquote class=\"wp-block-quote is-layout-flow wp-block-quote-is-layout-flow\"><p><br>\u201cLa prosa vital, indignada e inteligente de Vicente Alfonso ha sabido retratar las mejores luchas del M\u00e9xico de los cincuenta para ac\u00e1 y gracias a \u00e9l y a su capacidad creativa, sus lectores preferimos Chilpancingo a Par\u00eds\u201d. -Elena Poniatowska<\/p><\/blockquote>\n\n\n\n<p>\u201cVicente Alfonso no cumple con las expectativas. Las supera y a continuaci\u00f3n las pasa por alto ingeniosamente con una verdad completamente diferente. El caso est\u00e1 resuelto, sin embargo, sigue habiendo mucho por ver. Apasionante\u201d.<\/p>\n\n\n\n<p>&nbsp;-RudolfNeumaier, S\u00fcddeutsche Zeitung, M\u00fanich<\/p>\n\n\n\n<p>\u201cEste talentoso autor le dejar\u00e1 enganchado a su historia. Recomiendo comenzar su lectura muy pronto por la ma\u00f1ana, pues al atardecer, como me sucedi\u00f3, estaremos intoxicados y encantados con el fin de la historia\u201d.&nbsp;-Flemming Behrens,&nbsp;Buchhandlung&nbsp;Hugendubel,&nbsp;Pinneberg.<\/p>\n\n\n\n<p><strong>TRAYECTORIA<\/strong><\/p>\n\n\n\n<p>Vicente Alfonso (Torre\u00f3n, M\u00e9xico, 1977) Proveniente de una familia de mineros y educado por jesuitas, es autor de las novelas La sangre desconocida, Huesos de San Lorenzo y Partitura para mujer muerta, as\u00ed como del libro de cr\u00f3nicas A la orilla de la carretera y del volumen de cuentos \u201cContar las noches\u201d.&nbsp;<\/p>\n\n\n\n<p>Su obra ha sido traducida al alem\u00e1n, italiano, griego y turco. Ha recibido m\u00faltiples premios nacionales e internacionales, entre ellos el Premio Internacional de Novela Sor Juana In\u00e9s de la Cruz, el Premio Bellas Artes de Cr\u00f3nica Literaria, el Premio Iberoamericano de Periodismo Ciudades de Paz, el Premio Nacional de Novela Policiaca, el Premio Nacional de Novela \u201c\u00c9lmer Mendoza\u201d, el Premio Nacional de Novela Negra \u201cUna vuelta de tuerca\u201d y el Premio Nacional de Cuento Mar\u00eda Luisa Puga.&nbsp;<\/p>\n\n\n\n<p>En 2018 fue finalista del prestigioso Premio Atenas, otorgado a la mejor novela extranjera publicada en Grecia, y en 2021 obtuvo una menci\u00f3n honor\u00edfica en el Premio Iberoamericano de Novela Elena Poniatowska. Ha sido becario de la Fundaci\u00f3n para las Letras Mexicanas, del Programa de Cooperaci\u00f3n Internacional M\u00e9xico-EE.UU y del Sistema Nacional de Creadores de Arte de M\u00e9xico. En 2021 realiz\u00f3 una residencia literaria en la Casa-Estudio Cien a\u00f1os de Soledad, sitio en donde Garc\u00eda M\u00e1rquez escribi\u00f3 su obra cumbre.<\/p>\n","protected":false},"excerpt":{"rendered":"<p>Esta semana el escritor lagunero Vicente Alfonso visita Torre\u00f3n para impartir el taller \u201cCarpinter\u00eda narrativa\u201d y para presentar su m\u00e1s reciente novela \u201cLa sangre desconocida\u201d, publicada por Alfaguara en coedici\u00f3n &hellip; <a href=\"https:\/\/lavereda.com.mx\/index.php\/2023\/03\/28\/el-escritor-vicente-alfonso-presentara-su-mas-reciente-novela-en-torreon\/\" class=\"more-link\">Leer m\u00e1s<\/a><\/p>\n","protected":false},"author":9,"featured_media":4964,"comment_status":"open","ping_status":"open","sticky":false,"template":"","format":"standard","meta":{"footnotes":""},"categories":[5,18],"tags":[32],"class_list":["post-4963","post","type-post","status-publish","format-standard","has-post-thumbnail","hentry","category-letras-y-libros","category-lomasrelevante","tag-literatura","entry"],"_links":{"self":[{"href":"https:\/\/lavereda.com.mx\/index.php\/wp-json\/wp\/v2\/posts\/4963","targetHints":{"allow":["GET"]}}],"collection":[{"href":"https:\/\/lavereda.com.mx\/index.php\/wp-json\/wp\/v2\/posts"}],"about":[{"href":"https:\/\/lavereda.com.mx\/index.php\/wp-json\/wp\/v2\/types\/post"}],"author":[{"embeddable":true,"href":"https:\/\/lavereda.com.mx\/index.php\/wp-json\/wp\/v2\/users\/9"}],"replies":[{"embeddable":true,"href":"https:\/\/lavereda.com.mx\/index.php\/wp-json\/wp\/v2\/comments?post=4963"}],"version-history":[{"count":3,"href":"https:\/\/lavereda.com.mx\/index.php\/wp-json\/wp\/v2\/posts\/4963\/revisions"}],"predecessor-version":[{"id":4967,"href":"https:\/\/lavereda.com.mx\/index.php\/wp-json\/wp\/v2\/posts\/4963\/revisions\/4967"}],"wp:featuredmedia":[{"embeddable":true,"href":"https:\/\/lavereda.com.mx\/index.php\/wp-json\/wp\/v2\/media\/4964"}],"wp:attachment":[{"href":"https:\/\/lavereda.com.mx\/index.php\/wp-json\/wp\/v2\/media?parent=4963"}],"wp:term":[{"taxonomy":"category","embeddable":true,"href":"https:\/\/lavereda.com.mx\/index.php\/wp-json\/wp\/v2\/categories?post=4963"},{"taxonomy":"post_tag","embeddable":true,"href":"https:\/\/lavereda.com.mx\/index.php\/wp-json\/wp\/v2\/tags?post=4963"}],"curies":[{"name":"wp","href":"https:\/\/api.w.org\/{rel}","templated":true}]}}