{"id":4953,"date":"2023-03-23T21:52:13","date_gmt":"2023-03-23T21:52:13","guid":{"rendered":"http:\/\/lavereda.com.mx\/?p=4953"},"modified":"2023-03-23T21:52:14","modified_gmt":"2023-03-23T21:52:14","slug":"jovenes-laguneros-presentan-el-festival-artistico-tolvanera","status":"publish","type":"post","link":"https:\/\/lavereda.com.mx\/index.php\/2023\/03\/23\/jovenes-laguneros-presentan-el-festival-artistico-tolvanera\/","title":{"rendered":"J\u00f3venes laguneros presentan el festival art\u00edstico Tolvanera"},"content":{"rendered":"\n<p>Lo m\u00e1s destacado del arte pl\u00e1stico, la m\u00fasica, la gastronom\u00eda, el dise\u00f1o de moda y las mejores marcas del mercado local, se podr\u00e1n apreciar en el festival Tolvanera, presentado por el  colectivo\u00a0Beachvibe\u00a0Media y la Galer\u00eda\u00a0Torranoa. Este evento se realizar\u00e1 el pr\u00f3ximo fin de semana en las instalaciones de Erotika Love Store (Av. Presidente Carranza 2936 Ote.\u00a0\/ Cuarto\u00a0de Cobi\u00e1n, Torre\u00f3n, Coah.) en dos fechas: el s\u00e1bado 25 de marzo de 16:00 a 2:00 horas, y el domingo 26 de marzo de 16:00 a 0:00 horas.<\/p>\n\n\n\n<p>Un espacio que se transformar\u00e1 en un escaparate que apuesta, acompa\u00f1a y propone una nueva forma de proyectar, disfrutar y acceder al talento surgido en la Comarca Lagunera. El objetivo principal de&nbsp;<strong>Tolvanera&nbsp;<\/strong>es crear un intercambio entre creadores consolidados y emergentes y la interacci\u00f3n hacia nuevos p\u00fablicos, a trav\u00e9s de una propuesta conceptual que oscila entre la m\u00fasica, la pl\u00e1stica, la gastronom\u00eda y el branding.<\/p>\n\n\n\n<p>En el terreno del arte pl\u00e1stico,  se podr\u00e1 apreciar la creatividad, trabajo e imaginaci\u00f3n de: Natalia Mu\u00f1oz, Jean Paul Garnier, Germ\u00e1n Flores Bulnes, Mil\u00fa Trevi\u00f1o, Adelina Soto, Ana Rom\u00e1n, Safos One, Andrea Carre\u00f3n, Inkulto, Ground, Andrea Sicsik, Worst Quesadilla, Ernesto Acosta, Andrea Manuela, Paloma Rocha, Flavio Becerra y Rattowski.<\/p>\n\n\n\n<p>Asimismo, los asistentes podr\u00e1n disfrutar de DJ sets y presentaciones ac\u00fasticas de reconocidos m\u00fasicos de talla nacional como: Pamela Dom (CDMX) y Cano (Monterrey); sumados al talento de La Laguna como es el caso de: Xykoo + Escargoth, Barak B2B Mau, Tommy N\u00e1jera, Zeytta Yamell, Ra\u00fal J\u00e1quez, Carlos Duarte, Artesa B2B Fridix, Deanda, Yeiyei B2B Kelly, Juan Pablo Lucero, Blue Elephant,&nbsp;Purple Punch,&nbsp;Haro,&nbsp;Elizalde + Arzave y Pillz of Godz.<\/p>\n\n\n\n<p>Entre las marcas que mostrar\u00e1n sus productos se encuentran: Don Remigio, Collector\u2019s Caf\u00e9, Elizalde Yoga, Chicos y Chicas, entre otros emprendimientos de gran \u00e9xito en la regi\u00f3n. Adem\u00e1s de los dise\u00f1os de moda de \u00c1ngel Jacquez, creadora de Thercka, un concepto&nbsp;con claras referencias a personajes del arte, la m\u00fasica, la historia, la filosof\u00eda y la cultura pop.<\/p>\n\n\n\n<p>Mayores informes en: @_tolvanera_ y @_torranoa_<\/p>\n\n\n\n<figure class=\"wp-block-image size-large is-resized\"><img fetchpriority=\"high\" decoding=\"async\" src=\"https:\/\/lavereda.com.mx\/wp-content\/uploads\/2023\/03\/TOLVANERA-Flyer-582x1024.jpg\" alt=\"\" class=\"wp-image-4955\" width=\"238\" height=\"419\" srcset=\"https:\/\/lavereda.com.mx\/wp-content\/uploads\/2023\/03\/TOLVANERA-Flyer-582x1024.jpg 582w, https:\/\/lavereda.com.mx\/wp-content\/uploads\/2023\/03\/TOLVANERA-Flyer-171x300.jpg 171w, https:\/\/lavereda.com.mx\/wp-content\/uploads\/2023\/03\/TOLVANERA-Flyer-768x1350.jpg 768w, https:\/\/lavereda.com.mx\/wp-content\/uploads\/2023\/03\/TOLVANERA-Flyer-874x1536.jpg 874w, https:\/\/lavereda.com.mx\/wp-content\/uploads\/2023\/03\/TOLVANERA-Flyer.jpg 910w\" sizes=\"(max-width: 238px) 100vw, 238px\" \/><\/figure>\n","protected":false},"excerpt":{"rendered":"<p>Lo m\u00e1s destacado del arte pl\u00e1stico, la m\u00fasica, la gastronom\u00eda, el dise\u00f1o de moda y las mejores marcas del mercado local, se podr\u00e1n apreciar en el festival Tolvanera, presentado por &hellip; <a href=\"https:\/\/lavereda.com.mx\/index.php\/2023\/03\/23\/jovenes-laguneros-presentan-el-festival-artistico-tolvanera\/\" class=\"more-link\">Leer m\u00e1s<\/a><\/p>\n","protected":false},"author":1,"featured_media":4954,"comment_status":"open","ping_status":"open","sticky":false,"template":"","format":"standard","meta":{"footnotes":""},"categories":[3,18],"tags":[],"class_list":["post-4953","post","type-post","status-publish","format-standard","has-post-thumbnail","hentry","category-artes-visuales","category-lomasrelevante","entry"],"_links":{"self":[{"href":"https:\/\/lavereda.com.mx\/index.php\/wp-json\/wp\/v2\/posts\/4953","targetHints":{"allow":["GET"]}}],"collection":[{"href":"https:\/\/lavereda.com.mx\/index.php\/wp-json\/wp\/v2\/posts"}],"about":[{"href":"https:\/\/lavereda.com.mx\/index.php\/wp-json\/wp\/v2\/types\/post"}],"author":[{"embeddable":true,"href":"https:\/\/lavereda.com.mx\/index.php\/wp-json\/wp\/v2\/users\/1"}],"replies":[{"embeddable":true,"href":"https:\/\/lavereda.com.mx\/index.php\/wp-json\/wp\/v2\/comments?post=4953"}],"version-history":[{"count":1,"href":"https:\/\/lavereda.com.mx\/index.php\/wp-json\/wp\/v2\/posts\/4953\/revisions"}],"predecessor-version":[{"id":4956,"href":"https:\/\/lavereda.com.mx\/index.php\/wp-json\/wp\/v2\/posts\/4953\/revisions\/4956"}],"wp:featuredmedia":[{"embeddable":true,"href":"https:\/\/lavereda.com.mx\/index.php\/wp-json\/wp\/v2\/media\/4954"}],"wp:attachment":[{"href":"https:\/\/lavereda.com.mx\/index.php\/wp-json\/wp\/v2\/media?parent=4953"}],"wp:term":[{"taxonomy":"category","embeddable":true,"href":"https:\/\/lavereda.com.mx\/index.php\/wp-json\/wp\/v2\/categories?post=4953"},{"taxonomy":"post_tag","embeddable":true,"href":"https:\/\/lavereda.com.mx\/index.php\/wp-json\/wp\/v2\/tags?post=4953"}],"curies":[{"name":"wp","href":"https:\/\/api.w.org\/{rel}","templated":true}]}}