{"id":4946,"date":"2023-03-22T02:11:14","date_gmt":"2023-03-22T02:11:14","guid":{"rendered":"http:\/\/lavereda.com.mx\/?p=4946"},"modified":"2023-03-22T18:40:46","modified_gmt":"2023-03-22T18:40:46","slug":"aviario-puerto-noas-como-turismo-de-coahuila-en-torreon","status":"publish","type":"post","link":"https:\/\/lavereda.com.mx\/index.php\/2023\/03\/22\/aviario-puerto-noas-como-turismo-de-coahuila-en-torreon\/","title":{"rendered":"Torre\u00f3n cuenta con un nuevo Aviario en Puerto Noas"},"content":{"rendered":"\n<p>El pasado 15 de marzo el Aviario Puerto Noas fue inaugurado en Torre\u00f3n, por la Secretar\u00eda de Turismo y Desarrollo de Pueblos M\u00e1gicos de Coahuila, con la finalidad de ampliar los atractivos tur\u00edsticos de la ciudad. De este mes se cuenta con un \u00e1rea dedicada al cuidado y la preservaci\u00f3n de diferentes especies de aves.<\/p>\n\n\n\n<p>\u201cEste nuevo espacio nos brinda la oportunidad para ense\u00f1ar valores a nuestros hijos, como el respeto a la naturaleza, y para destacar que las aves son de vital importancia en el medio ambiente\u201d, expres\u00f3 la secretaria de turismo, Azucena Ramos.<\/p>\n\n\n\n<p>Agradeci\u00f3, principalmente a Rafael Rebollar Gonz\u00e1lez, Director General de Grupo Pe\u00f1oles, por la inversi\u00f3n y el gran trabajo realizado para la construcci\u00f3n de este lugar que llenar\u00e1 de vida, canto y color este lugar tur\u00edstico.<\/p>\n\n\n\n<p>Se dijo gustosa de que se haya elegido al Puerto Noas para esta instalaci\u00f3n, toda vez que se ha convertido en el sitio m\u00e1s visitado de Coahuila.<\/p>\n\n\n\n<p>Reconoci\u00f3, tambi\u00e9n a Yolanda Lira y a su familia por el ejemplo de perseverancia y compromiso con la naturaleza al desarrollar y conservar tantas especies en el Aviario Lira.<\/p>\n\n\n\n<p>Asimismo, por sus recomendaciones y todo el esfuerzo para que el Aviario Puerto Noas, \u201csea tambi\u00e9n un espacio natural que estamos seguros ser\u00e1 muy apreciado por los visitantes que aqu\u00ed aprender\u00e1n sobre las especies que vivir\u00e1n aqu\u00ed a partir de hoy\u201d.<\/p>\n\n\n\n<p>Ramos Ramos recalc\u00f3 que el primer fin de semana largo del a\u00f1o, los primeros d\u00edas del mes de febrero, el Puerto Noas registr\u00f3 la visita de casi 60 mil personas, y 17 mil ciudadanos fueron movilizadas por el Telef\u00e9rico Torre\u00f3n.<\/p>\n\n\n\n<p>Con la apertura del Aviario Puerto Noas, no descarta que la cifra se incremente el fin de semana que se aproxima.<\/p>\n\n\n\n<p>En su momento, Antonio Baca Padilla, en representaci\u00f3n de Rafael Rebollar Gonz\u00e1lez, Director General de Grupo Pe\u00f1oles, dijo que el principal potencial de La Laguna es su gente, y por eso como empresa se suman a acciones como esta, de tanto impacto social.<\/p>\n\n\n\n<p>\u201cEn este caso tenemos un tema muy agradable, como es el tema de las aves, la aportaci\u00f3n de Pe\u00f1oles fue el de esta jaula, su dise\u00f1o tubular tiene el mismo que lo que est\u00e1 a la entrada y las g\u00f3ndolas del Telef\u00e9rico de Torre\u00f3n, para dar un elemento arm\u00f3nico de la jaula\u201d.<\/p>\n\n\n\n<p>\u201cLa malla tiene una consistencia, con suficiente resistencia para las aves, y agradezco la oportunidad de sumarnos a este hermoso proyecto, lo digo a nombre de nuestro Director General de Grupo Pe\u00f1oles, Rafael Rebollar Gonz\u00e1lez\u201d.<\/p>\n\n\n\n<p>Adem\u00e1s, Ver\u00f3nica Soto D\u00edaz, Directora de Telef\u00e9rico y Puerto Noas en Torre\u00f3n, coment\u00f3: \u201cHemos asumido con gran responsabilidad estar al frente de todo este equipo, hoy por fin las familias van a disfrutar del Aviario, que cuenta con dos faisanes, dos pavorreales y cuatro guacamayas\u201d.<\/p>\n\n\n\n<p>\u201cGracias, porque existe la voluntad del Ayuntamiento y del Estado para que acciones como estas, de la mano con los empresarios sucedan.<\/p>\n\n\n\n<p>\u201cGracias a Yolanda Lira por permitirnos ser sus promotores, desde luego a la Secretar\u00eda de Medio Ambiente, por otorgarnos los permisos. A nombre del gobernador Miguel Riquelme y del Puerto Noas, gracias a todos los que hicieron posible esto\u201d.<\/p>\n\n\n\n<p>Luis T\u00e9llez Montes, Director de Turismo del Municipio, coment\u00f3 que lo m\u00e1s importante para la dependencia que representa es seguir fortaleciendo la cadena de valor de turismo, y sin duda el Aviario Puerto Noas servir\u00e1 para que m\u00e1s personas acudan a este complejo tur\u00edstico-religioso.<\/p>\n\n\n\n<p>Al evento se presentaron, adem\u00e1s, Selina Bremer de Cepeda, presidenta honoraria del DIF Torre\u00f3n; Hugo D\u00e1vila Prado, diputado local; Glenda Quintero Carrillo, Coordinadora de la Secretar\u00eda de Medio Ambiente en La Laguna; Yolanda Lira, propietaria del Aviario Lira, y V\u00edctor Manuel G\u00f3mez Hern\u00e1ndez, Rector del Santuario del Cristo de las Noas.<\/p>\n\n\n\n<p><\/p>\n","protected":false},"excerpt":{"rendered":"<p>El pasado 15 de marzo el Aviario Puerto Noas fue inaugurado en Torre\u00f3n, por la Secretar\u00eda de Turismo y Desarrollo de Pueblos M\u00e1gicos de Coahuila, con la finalidad de ampliar &hellip; <a href=\"https:\/\/lavereda.com.mx\/index.php\/2023\/03\/22\/aviario-puerto-noas-como-turismo-de-coahuila-en-torreon\/\" class=\"more-link\">Leer m\u00e1s<\/a><\/p>\n","protected":false},"author":1,"featured_media":4947,"comment_status":"open","ping_status":"open","sticky":false,"template":"","format":"standard","meta":{"footnotes":""},"categories":[7,18],"tags":[],"class_list":["post-4946","post","type-post","status-publish","format-standard","has-post-thumbnail","hentry","category-entretenimiento","category-lomasrelevante","entry"],"_links":{"self":[{"href":"https:\/\/lavereda.com.mx\/index.php\/wp-json\/wp\/v2\/posts\/4946","targetHints":{"allow":["GET"]}}],"collection":[{"href":"https:\/\/lavereda.com.mx\/index.php\/wp-json\/wp\/v2\/posts"}],"about":[{"href":"https:\/\/lavereda.com.mx\/index.php\/wp-json\/wp\/v2\/types\/post"}],"author":[{"embeddable":true,"href":"https:\/\/lavereda.com.mx\/index.php\/wp-json\/wp\/v2\/users\/1"}],"replies":[{"embeddable":true,"href":"https:\/\/lavereda.com.mx\/index.php\/wp-json\/wp\/v2\/comments?post=4946"}],"version-history":[{"count":2,"href":"https:\/\/lavereda.com.mx\/index.php\/wp-json\/wp\/v2\/posts\/4946\/revisions"}],"predecessor-version":[{"id":4950,"href":"https:\/\/lavereda.com.mx\/index.php\/wp-json\/wp\/v2\/posts\/4946\/revisions\/4950"}],"wp:featuredmedia":[{"embeddable":true,"href":"https:\/\/lavereda.com.mx\/index.php\/wp-json\/wp\/v2\/media\/4947"}],"wp:attachment":[{"href":"https:\/\/lavereda.com.mx\/index.php\/wp-json\/wp\/v2\/media?parent=4946"}],"wp:term":[{"taxonomy":"category","embeddable":true,"href":"https:\/\/lavereda.com.mx\/index.php\/wp-json\/wp\/v2\/categories?post=4946"},{"taxonomy":"post_tag","embeddable":true,"href":"https:\/\/lavereda.com.mx\/index.php\/wp-json\/wp\/v2\/tags?post=4946"}],"curies":[{"name":"wp","href":"https:\/\/api.w.org\/{rel}","templated":true}]}}