{"id":4943,"date":"2023-03-22T02:03:49","date_gmt":"2023-03-22T02:03:49","guid":{"rendered":"http:\/\/lavereda.com.mx\/?p=4943"},"modified":"2023-03-22T21:38:05","modified_gmt":"2023-03-22T21:38:05","slug":"el-dia-mundial-del-libro-es-dedicado-a-la-escritora-elena-garro-por-la-fil-guadalajara","status":"publish","type":"post","link":"https:\/\/lavereda.com.mx\/index.php\/2023\/03\/22\/el-dia-mundial-del-libro-es-dedicado-a-la-escritora-elena-garro-por-la-fil-guadalajara\/","title":{"rendered":"El D\u00eda Mundial del Libro es dedicado a la escritora Elena Garro por la FIL Guadalajara"},"content":{"rendered":"\n<ul class=\"wp-block-list\"><li>La novela \u00abLos recuerdos del porvenir\u00bb de Elena Garro ser\u00e1 protagonista en el marat\u00f3n de lectura de la Feria Internacional del libro como un homenaje a la escritora mexicana, el pr\u00f3ximo 23 de abril en la explanada de la Rector\u00eda UDG y otras sedes de Jalisco.<\/li><\/ul>\n\n\n\n<p>Considerada una de las escritoras m\u00e1s propositivas e influyentes de la literatura mexicana e hispanoamericana, Elena Garro ser\u00e1 homenajeada por la Feria Internacional del Libro de Guadalajara (FIL), a 25 a\u00f1os de su muerte, con una lectura p\u00fablica en voz alta de&nbsp;<em>Los recuerdos del porvenir&nbsp;<\/em>(Alfaguara), durante la celebraci\u00f3n del D\u00eda Mundial del Libro. El tradicional marat\u00f3n de lectura de la FIL se realizar\u00e1 el domingo 23 de abril en la explanada de la Rector\u00eda General de la Universidad de Guadalajara, de 10:00 a 17:00 horas, donde las lectoras y los lectores participantes recibir\u00e1n, como marca la tradici\u00f3n de Saint Jordi que inspir\u00f3 el festejo del D\u00eda Mundial del Libro, una rosa y un ejemplar gratuito de la novela de Elena Garro.<\/p>\n\n\n\n<p>El D\u00eda Mundial del Libro es una celebraci\u00f3n creada en 1995 por disposici\u00f3n y acuerdo de la Organizaci\u00f3n de las Naciones Unidas para la Educaci\u00f3n, la Ciencia y la Cultura (Unesco). Desde 2002, la FIL Guadalajara lo festeja con una lectura p\u00fablica en voz alta, que adem\u00e1s de Guadalajara se extiende a otros municipios de Jalisco. Entre otras autoras y autores, se han le\u00eddo obras de Juan Jos\u00e9 Arreola, Gabriel Garc\u00eda M\u00e1rquez, Jane Austen, Jos\u00e9 Emilio Pacheco, Mary Shelley, Fernando del Paso, Ray Bradbury y Jos\u00e9 Saramago. En esta ocasi\u00f3n, y como ha ocurrido en a\u00f1os anteriores<\/p>\n\n\n\n<p>, el Sistema de Educaci\u00f3n Media Superior y el Sistema Universitario de Bibliotecas de la Universidad de Guadalajara realizar\u00e1n lecturas espejo de&nbsp;<em>Los recuerdos del porvenir,<\/em>&nbsp;entre el 24 y el 28 de abril.<\/p>\n\n\n\n<p>&nbsp;&nbsp;&nbsp;&nbsp;&nbsp;&nbsp;&nbsp;&nbsp;&nbsp;&nbsp;&nbsp; Elena Garro (1916-1998)<strong>&nbsp;<\/strong>fue dramaturga, novelista y poeta e incursion\u00f3 en otras disciplinas art\u00edsticas, como la danza y la actuaci\u00f3n. Su narrativa introdujo nuevas maneras de concebir el tiempo dentro del relato, mientras que sus piezas teatrales se consideran renovadoras entre la dramaturgia hispanoamericana. Algunos de sus t\u00edtulos m\u00e1s destacados son&nbsp;<em>Los recuerdos del porvenir<\/em>,&nbsp;<em>Un hogar s\u00f3lido<\/em>,&nbsp;<em>Andarse por las ramas<\/em>&nbsp;y&nbsp;<em>Los pilares de do\u00f1a Blanca<\/em>.&nbsp;<em>La semana de colores<\/em>, reuni\u00f3n de cuentos al que pertenece \u201cLa culpa es de los tlaxcaltecas\u201d, que se convirti\u00f3 r\u00e1pidamente en uno de los cl\u00e1sicos de la literatura mexicana. En 1996 fue condecorada con el Premio de Literatura Sor Juana In\u00e9s de la Cruz que cada a\u00f1o, desde 1993, entrega la FIL Guadalajara.&nbsp;<\/p>\n\n\n\n<p>El libro&nbsp;<em>Los recuerdos del porvenir&nbsp;<\/em>fue galardonado con el Premio Xavier Villaurrutia el mismo a\u00f1o de su publicaci\u00f3n (1963) y es la novela m\u00e1s reconocida de Elena Garro. La historia de Ixtepec, la vida anodina y nost\u00e1lgica de los pobladores despu\u00e9s de la guerra, cambia cuando Felipe Hurtado, un forastero, llega para llevarse consigo a Julia, la querida del general Rosas. Esta huida se resuelve por medio de un artilugio tan fant\u00e1stico como veros\u00edmil, sostenido por el andamiaje de la poes\u00eda. De igual modo, cuando Elena Garro narra la desgracia de los habitantes del pueblo, con el tel\u00f3n de fondo de la Guerra Cristera, se descubre que el \u00fanico oasis son las palabras.<\/p>\n\n\n\n<p>Las personas interesadas en participar en la lectura en voz alta el domingo 23 de abril deber\u00e1n acudir a registrarse a partir de las 9:30 horas a la explanada de la Rector\u00eda General de la UDG (Ju\u00e1rez y Enrique D\u00edaz de Le\u00f3n), en los m\u00f3dulos que la FIL dispondr\u00e1 para ese fin. Para acompa\u00f1ar la jornada del D\u00eda Mundial del Libro, FIL Ni\u00f1os propondr\u00e1 un espacio con actividades para ni\u00f1as y ni\u00f1os, y se contar\u00e1 con una zona de exhibici\u00f3n y venta de libros en la que participar\u00e1n diversas librer\u00edas y editoriales, que ofrecer\u00e1n t\u00edtulos para toda la familia.<\/p>\n\n\n\n<p>La celebraci\u00f3n por el D\u00eda Mundial del Libro en 2022 convoc\u00f3 a m\u00e1s de 400 lectores que dieron voz a la novela&nbsp;<em>Ensayo sobre la ceguera<\/em>, de Jos\u00e9 Saramago, en el Paseo Fray Antonio Alcalde, a los que despu\u00e9s se le unieron m\u00e1s de 59 mil lectores que con el mismo entusiasmo participaron en lecturas espejo del 23 al 29 de abril en las preparatorias del Sistema de Educaci\u00f3n Media Superior y el Sistema Universitario de Bibliotecas de la Universidad de Guadalajara, as\u00ed como la Red Estatal de Bibliotecas P\u00fablicas de Jalisco.<\/p>\n","protected":false},"excerpt":{"rendered":"<p>La novela \u00abLos recuerdos del porvenir\u00bb de Elena Garro ser\u00e1 protagonista en el marat\u00f3n de lectura de la Feria Internacional del libro como un homenaje a la escritora mexicana, el &hellip; <a href=\"https:\/\/lavereda.com.mx\/index.php\/2023\/03\/22\/el-dia-mundial-del-libro-es-dedicado-a-la-escritora-elena-garro-por-la-fil-guadalajara\/\" class=\"more-link\">Leer m\u00e1s<\/a><\/p>\n","protected":false},"author":1,"featured_media":4944,"comment_status":"open","ping_status":"open","sticky":false,"template":"","format":"standard","meta":{"footnotes":""},"categories":[5,18],"tags":[],"class_list":["post-4943","post","type-post","status-publish","format-standard","has-post-thumbnail","hentry","category-letras-y-libros","category-lomasrelevante","entry"],"_links":{"self":[{"href":"https:\/\/lavereda.com.mx\/index.php\/wp-json\/wp\/v2\/posts\/4943","targetHints":{"allow":["GET"]}}],"collection":[{"href":"https:\/\/lavereda.com.mx\/index.php\/wp-json\/wp\/v2\/posts"}],"about":[{"href":"https:\/\/lavereda.com.mx\/index.php\/wp-json\/wp\/v2\/types\/post"}],"author":[{"embeddable":true,"href":"https:\/\/lavereda.com.mx\/index.php\/wp-json\/wp\/v2\/users\/1"}],"replies":[{"embeddable":true,"href":"https:\/\/lavereda.com.mx\/index.php\/wp-json\/wp\/v2\/comments?post=4943"}],"version-history":[{"count":2,"href":"https:\/\/lavereda.com.mx\/index.php\/wp-json\/wp\/v2\/posts\/4943\/revisions"}],"predecessor-version":[{"id":4952,"href":"https:\/\/lavereda.com.mx\/index.php\/wp-json\/wp\/v2\/posts\/4943\/revisions\/4952"}],"wp:featuredmedia":[{"embeddable":true,"href":"https:\/\/lavereda.com.mx\/index.php\/wp-json\/wp\/v2\/media\/4944"}],"wp:attachment":[{"href":"https:\/\/lavereda.com.mx\/index.php\/wp-json\/wp\/v2\/media?parent=4943"}],"wp:term":[{"taxonomy":"category","embeddable":true,"href":"https:\/\/lavereda.com.mx\/index.php\/wp-json\/wp\/v2\/categories?post=4943"},{"taxonomy":"post_tag","embeddable":true,"href":"https:\/\/lavereda.com.mx\/index.php\/wp-json\/wp\/v2\/tags?post=4943"}],"curies":[{"name":"wp","href":"https:\/\/api.w.org\/{rel}","templated":true}]}}