{"id":4940,"date":"2023-03-21T17:54:04","date_gmt":"2023-03-21T17:54:04","guid":{"rendered":"http:\/\/lavereda.com.mx\/?p=4940"},"modified":"2023-03-21T17:54:05","modified_gmt":"2023-03-21T17:54:05","slug":"dia-mundial-del-sindrome-de-down-con-nosotros-no-para-nosotros","status":"publish","type":"post","link":"https:\/\/lavereda.com.mx\/index.php\/2023\/03\/21\/dia-mundial-del-sindrome-de-down-con-nosotros-no-para-nosotros\/","title":{"rendered":"D\u00eda mundial del S\u00edndrome de Down: \u00abcon nosotros, no para nosotros\u00bb"},"content":{"rendered":"\n<p>Convivir con una persona con S\u00edndrome de Down es una ventana a la diversidad, a un mundo m\u00e1s humano y una esperanza de lograr una sociedad m\u00e1s inclusiva. El 21 de marzo ha sido designado por la ONU como&nbsp;D\u00eda Mundial del S\u00edndrome de Down y este a\u00f1o el lema de la celebraci\u00f3n es \u201ccon nosotros, no para nosotros\u201d.<\/p>\n\n\n\n<p>La frase encierra un gan significado porque actualmente se busca lograr una mayor inclusi\u00f3n educativa y laboral para las personas con S\u00edndrome de Down, con la finalidad de que puedan ser parte activa de nuestra sociedad y lograr una vida m\u00e1s independiente que las lleve a alcanzar sus propias metas y sue\u00f1os.<\/p>\n\n\n\n<p>El&nbsp;<strong>S\u00edndrome de Down<\/strong>&nbsp;siempre ha formado parte de la condici\u00f3n humana, existe en todas las regiones del mundo y habitualmente tiene efectos variables en los estilos de aprendizaje, las caracter\u00edsticas f\u00edsicas o la salud. Sin embargo, no es una enfermedad ni una limitante que deba privar a estas personas de las actividades sociales y econ\u00f3micas de un pa\u00eds.<\/p>\n\n\n\n<p>El acceso adecuado a la atenci\u00f3n de la salud, a los programas de intervenci\u00f3n temprana y a la ense\u00f1anza inclusiva, as\u00ed como la investigaci\u00f3n adecuada, son vitales para el crecimiento y el desarrollo de la persona.<\/p>\n\n\n\n<p>\u201cCon esta celebraci\u00f3n, la ONU quiere generar una mayor conciencia p\u00fablica sobre la cuesti\u00f3n y recordar la dignidad inherente, la val\u00eda y las valiosas contribuciones de las personas con discapacidad intelectual como promotores del bienestar y de la diversidad de sus comunidades. Asimismo, quiere resaltar la importancia de su autonom\u00eda e independencia individual, en particular la libertad de tomar sus propias decisiones\u201d, explica la organizaci\u00f3n en su p\u00e1gina web.<\/p>\n\n\n\n<p><strong>\u00bfQU\u00c9 ES?<\/strong><\/p>\n\n\n\n<p>El&nbsp;<strong>S\u00edndrome de Down<\/strong>&nbsp;es una alteraci\u00f3n gen\u00e9tica causada por la existencia de material gen\u00e9tico extra en el cromosoma 21 que se traduce en discapacidad intelectual.&nbsp;<\/p>\n\n\n\n<p>La incidencia estimada del s\u00edndrome de Down a nivel mundial se sit\u00faa entre 1 de cada 1.000 y 1 de cada 1.100 reci\u00e9n nacidos, de acuerdo con la ONU.<\/p>\n\n\n\n<p>La organizaci\u00f3n explica que: aunque las personas con s\u00edndrome de Down suelen presentar m\u00e1s problemas de salud en general, los avances sociales y m\u00e9dicos han conseguido mejorar su calidad de vida.\u00a0 Un trabajo m\u00e9dico y parental en edades tempranas favorece la calidad de\u00a0\u00a0vida y la salud de quienes presentan este trastorno gen\u00e9tico al satisfacer sus necesidades sanitarias, entre las cuales se incluyen chequeos regulares\u00a0para vigilar su desarrollo f\u00edsico y mental, adem\u00e1s de una intervenci\u00f3n oportuna, ya sea con fisioterapia,\u00a0educaci\u00f3n especial inclusiva \u00a0u otros sistemas de apoyo basados en comunidades.<\/p>\n\n\n\n<p>Se calcula que, en M\u00e9xico, una de cada 700 ni\u00f1as y ni\u00f1os nace con este s\u00edndrome, y se estima que habitan en nuestro pa\u00eds m\u00e1s de 220 mil personas con esta condici\u00f3n, de las cuales entre 50 y 60 por ciento presenta alg\u00fan grado de da\u00f1o cardiovascular, seg\u00fan datos del Gobierno de M\u00e9xico.<\/p>\n\n\n\n<p><strong>MITOS<\/strong><\/p>\n\n\n\n<p>Te presentamos tan solo algunos de los mitos m\u00e1s comunes en torno al s\u00edndrome<\/p>\n\n\n\n<ol class=\"wp-block-list\" type=\"1\"><li>El S\u00edndrome de Down es una enfermedad. Realidad: no es una enfermedad dado que no implica sufrimiento ni afecta el bienestar de las personas. En general gozan de buena salud tanto f\u00edsica como intelectual.<\/li><li>Existen diferentes grados de s\u00edndrome de Down m\u00e1s leves y m\u00e1s graves. Realidad:\u00a0\u00a0El s\u00edndrome de Down es debido a la presencia de un cromosoma 21 extra en las c\u00e9lulas de una persona, por lo tanto, no existen diferentes grados de\u00a0s\u00edndrome de Down, simplemente se tiene o no se tiene.<\/li><li>El s\u00edndrome de Down se produce como consecuencia de malos h\u00e1bitos de la madre durante el embarazo: Realidad: Nada de lo que los padres de una persona con s\u00edndrome de Down hicieron o dejaron de hacer antes o despu\u00e9s de la concepci\u00f3n de su hijo\/a es la causa del s\u00edndrome de Down.<\/li><li>Los ni\u00f1os con s\u00edndrome de Down son todos iguales, se parecen mucho entre si. Realidad: Cada persona con s\u00edndrome de Down es \u00fanica, fruto de la herencia gen\u00e9tica (ADN) recibida de sus padres y de los factores ambientales bajo los que se desarrolla.\u00a0<\/li><\/ol>\n\n\n\n<p>En este\u00a0D\u00eda Mundial del S\u00edndrome de Down dejemos a un lado prejuicios e ideas falsas, entendamos que no se debe tratar a estas personas como parte de una beneficencia, que tienen el derecho a ser tratados con justicia y obtener las mismas oportunidades que todas las personas.<\/p>\n\n\n\n<p>Tal vez descubrir un poco m\u00e1s de su mundo interior nos abra la puerta a otra forma de convivir y de aceptar las virtudes de la condici\u00f3n humana que no conoc\u00edamos.<\/p>\n\n\n\n<p><em>Fuentes: con infomaci\u00f3n de<\/em>:\u00a0<a href=\"http:\/\/www.downlugo.org\/\">www.downlugo.org<\/a><\/p>\n\n\n\n<p><a href=\"http:\/\/www.un.org\/\">www.un.org<\/a> y Gobierno de M\u00e9xico.<\/p>\n\n\n\n<p><em><strong>Foto: Emma Garza Vargas, Santiago, NL.<\/strong><\/em><\/p>\n","protected":false},"excerpt":{"rendered":"<p>Convivir con una persona con S\u00edndrome de Down es una ventana a la diversidad, a un mundo m\u00e1s humano y una esperanza de lograr una sociedad m\u00e1s inclusiva. El 21 &hellip; <a href=\"https:\/\/lavereda.com.mx\/index.php\/2023\/03\/21\/dia-mundial-del-sindrome-de-down-con-nosotros-no-para-nosotros\/\" class=\"more-link\">Leer m\u00e1s<\/a><\/p>\n","protected":false},"author":9,"featured_media":4941,"comment_status":"open","ping_status":"open","sticky":false,"template":"","format":"standard","meta":{"footnotes":""},"categories":[18,8],"tags":[78],"class_list":["post-4940","post","type-post","status-publish","format-standard","has-post-thumbnail","hentry","category-lomasrelevante","category-sociedad","tag-sindrome-de-down","entry"],"_links":{"self":[{"href":"https:\/\/lavereda.com.mx\/index.php\/wp-json\/wp\/v2\/posts\/4940","targetHints":{"allow":["GET"]}}],"collection":[{"href":"https:\/\/lavereda.com.mx\/index.php\/wp-json\/wp\/v2\/posts"}],"about":[{"href":"https:\/\/lavereda.com.mx\/index.php\/wp-json\/wp\/v2\/types\/post"}],"author":[{"embeddable":true,"href":"https:\/\/lavereda.com.mx\/index.php\/wp-json\/wp\/v2\/users\/9"}],"replies":[{"embeddable":true,"href":"https:\/\/lavereda.com.mx\/index.php\/wp-json\/wp\/v2\/comments?post=4940"}],"version-history":[{"count":1,"href":"https:\/\/lavereda.com.mx\/index.php\/wp-json\/wp\/v2\/posts\/4940\/revisions"}],"predecessor-version":[{"id":4942,"href":"https:\/\/lavereda.com.mx\/index.php\/wp-json\/wp\/v2\/posts\/4940\/revisions\/4942"}],"wp:featuredmedia":[{"embeddable":true,"href":"https:\/\/lavereda.com.mx\/index.php\/wp-json\/wp\/v2\/media\/4941"}],"wp:attachment":[{"href":"https:\/\/lavereda.com.mx\/index.php\/wp-json\/wp\/v2\/media?parent=4940"}],"wp:term":[{"taxonomy":"category","embeddable":true,"href":"https:\/\/lavereda.com.mx\/index.php\/wp-json\/wp\/v2\/categories?post=4940"},{"taxonomy":"post_tag","embeddable":true,"href":"https:\/\/lavereda.com.mx\/index.php\/wp-json\/wp\/v2\/tags?post=4940"}],"curies":[{"name":"wp","href":"https:\/\/api.w.org\/{rel}","templated":true}]}}