{"id":4931,"date":"2023-03-16T18:17:51","date_gmt":"2023-03-16T18:17:51","guid":{"rendered":"http:\/\/lavereda.com.mx\/?p=4931"},"modified":"2023-03-16T18:17:53","modified_gmt":"2023-03-16T18:17:53","slug":"los-riesgos-del-ocio-55","status":"publish","type":"post","link":"https:\/\/lavereda.com.mx\/index.php\/2023\/03\/16\/los-riesgos-del-ocio-55\/","title":{"rendered":"Los riesgos del ocio"},"content":{"rendered":"\n<p>Es curioso c\u00f3mo las mujeres vamos desarrollando diversas formas de ser a lo largo de la vida.&nbsp;<\/p>\n\n\n\n<p>Comienzas siendo la ni\u00f1a, que luego se transforma en la hija, y luego en la hija de tus padres que las monjas del colegio quieren ver y finalmente en la ni\u00f1a que fuiste.<\/p>\n\n\n\n<p>Y as\u00ed, vas asumiendo o creando la forma de la adolescente que ni idea tiene de lo que hay m\u00e1s adelante, la adolescente que quiere saber qu\u00e9 es lo que tiene enfrente, la que se encuentra en el hoy, la que se deprime, la que odia su cuerpo, la que lo ama. En fin, un ser ca\u00f3tico que se va adaptando a los momentos, los lugares y las personas para poder sobrevivir, pero que no deja de buscar internamente a esa que puede y a veces, logra ser, a pesar de las prohibiciones.<\/p>\n\n\n\n<p>Pasas a ser la chica que encuentra sus modos para fingir ser la estudiante modelo; esa joven que comienza la aventura de los besos, las caricias, el trabajo que sirve para los libros y los viajes, las noches de baile sin parar, las amigas, los secretos entre muchas, la personalidad que se va desarrollando a pesar de que implique la p\u00e9rdida del c\u00edrculo social, la rebeld\u00eda asumida y la magia del descubrimiento corporal, del poder de la juventud y la sorpresa ante la alegr\u00eda que se puede despertar en los dem\u00e1s.<\/p>\n\n\n\n<p>A veces te topas con sombras que impiden que esas personalidades sigan creciendo y entonces te vuelves un algo oscuro, borroso, que por dentro grita \u00a1sal de ah\u00ed!, aunque por fuera est\u00e1 paralizado; incapaz de saber por d\u00f3nde, o c\u00f3mo llegar a esa puerta por la que huir\u00e1s m\u00e1s adelante, cuando tu yo verdadero encuentre la fuerza suficiente para llegar a lo que sigue que ser\u00e1 tan luminoso como antes de toparte con el monstruo negro.<\/p>\n\n\n\n<p>Y luego eres la de hoy. Amante, compa\u00f1era, actriz, escritora, mam\u00e1 rara e hija oveja negra. La que se detiene en el bulevar a ver y escuchar a los p\u00e1jaros acomodarse en los \u00e1rboles. La que escribe historias de sexo y placer. La que escucha la risa de su marido y siente un calorcito muy especial en el centro del coraz\u00f3n, donde se guardan todas las cosas lindas y eternas. La que ve a sus hijos, que no se murieron en el proceso de esa maternidad dif\u00edcil, convertidos en seres poderosos, que no nada m\u00e1s te llenan de orgullo a ti, sino que han creado v\u00ednculos con una sociedad que les aplaude. La que encontr\u00f3 el amor total, sin dudas, a pesar de la diferencia de edad. La que puede hablar con su padre vi\u00e9ndolo a los ojos. La que puede abrazar a su madre, nada m\u00e1s porque s\u00ed, y decirle que la quiere. La que disfruta la charla de tequila con los hermanos y la desvelada con las hermanas.<\/p>\n\n\n\n<p>Lo dif\u00edcil comienza ma\u00f1ana, cuando comiences a descubrir a esa Teresa que es todo un misterio y que, al menos hoy, te llena de angustia. No s\u00f3lo a ti. Sabes que todos los implicados est\u00e1n viviendo con el tiempo suspendido.<\/p>\n\n\n\n<p>En el fondo conf\u00edas que esa personalidad ser\u00e1 tan resplandeciente como las que ya tienes, pero a veces dudas; sabes que vas a derribarte t\u00fa misma muchas y m\u00e1s veces, que odiar\u00e1s, que necesitar\u00e1s, que lamentar\u00e1s, que te boicotear\u00e1s, que ser\u00e1 oscuro, en ratos. Pero tambi\u00e9n, ya lo vives, amar\u00e1s, desear\u00e1s, te burlar\u00e1s con afecto, seguir\u00e1s. Sinti\u00e9ndote incompleta a veces, extra\u00f1ando esa parte tan tuya otras tantas,&nbsp;&nbsp;pero, seguir\u00e1s.<\/p>\n\n\n\n<p>En el fondo lo sabes, cada personalidad ha sido tan maravillosa, que vale la pena entender a esta nueva, recibirla y presentarla a la nueva realidad.<\/p>\n\n\n\n<p>Pero necesitaremos paciencia. Todos.<\/p>\n","protected":false},"excerpt":{"rendered":"<p>Es curioso c\u00f3mo las mujeres vamos desarrollando diversas formas de ser a lo largo de la vida.&nbsp; Comienzas siendo la ni\u00f1a, que luego se transforma en la hija, y luego &hellip; <a href=\"https:\/\/lavereda.com.mx\/index.php\/2023\/03\/16\/los-riesgos-del-ocio-55\/\" class=\"more-link\">Leer m\u00e1s<\/a><\/p>\n","protected":false},"author":11,"featured_media":4932,"comment_status":"open","ping_status":"open","sticky":false,"template":"","format":"standard","meta":{"footnotes":""},"categories":[18,9],"tags":[],"class_list":["post-4931","post","type-post","status-publish","format-standard","has-post-thumbnail","hentry","category-lomasrelevante","category-opinion","entry"],"_links":{"self":[{"href":"https:\/\/lavereda.com.mx\/index.php\/wp-json\/wp\/v2\/posts\/4931","targetHints":{"allow":["GET"]}}],"collection":[{"href":"https:\/\/lavereda.com.mx\/index.php\/wp-json\/wp\/v2\/posts"}],"about":[{"href":"https:\/\/lavereda.com.mx\/index.php\/wp-json\/wp\/v2\/types\/post"}],"author":[{"embeddable":true,"href":"https:\/\/lavereda.com.mx\/index.php\/wp-json\/wp\/v2\/users\/11"}],"replies":[{"embeddable":true,"href":"https:\/\/lavereda.com.mx\/index.php\/wp-json\/wp\/v2\/comments?post=4931"}],"version-history":[{"count":1,"href":"https:\/\/lavereda.com.mx\/index.php\/wp-json\/wp\/v2\/posts\/4931\/revisions"}],"predecessor-version":[{"id":4933,"href":"https:\/\/lavereda.com.mx\/index.php\/wp-json\/wp\/v2\/posts\/4931\/revisions\/4933"}],"wp:featuredmedia":[{"embeddable":true,"href":"https:\/\/lavereda.com.mx\/index.php\/wp-json\/wp\/v2\/media\/4932"}],"wp:attachment":[{"href":"https:\/\/lavereda.com.mx\/index.php\/wp-json\/wp\/v2\/media?parent=4931"}],"wp:term":[{"taxonomy":"category","embeddable":true,"href":"https:\/\/lavereda.com.mx\/index.php\/wp-json\/wp\/v2\/categories?post=4931"},{"taxonomy":"post_tag","embeddable":true,"href":"https:\/\/lavereda.com.mx\/index.php\/wp-json\/wp\/v2\/tags?post=4931"}],"curies":[{"name":"wp","href":"https:\/\/api.w.org\/{rel}","templated":true}]}}