{"id":4927,"date":"2023-03-15T20:21:56","date_gmt":"2023-03-15T20:21:56","guid":{"rendered":"http:\/\/lavereda.com.mx\/?p=4927"},"modified":"2023-03-15T20:37:52","modified_gmt":"2023-03-15T20:37:52","slug":"centro-de-las-artes-del-norte-presenta-la-exposicion-preliminares","status":"publish","type":"post","link":"https:\/\/lavereda.com.mx\/index.php\/2023\/03\/15\/centro-de-las-artes-del-norte-presenta-la-exposicion-preliminares\/","title":{"rendered":"Centro de Artes del Norte presenta la exposici\u00f3n \u00abPreliminares\u00bb"},"content":{"rendered":"\n<p>La primera exhibici\u00f3n de este centro, ubicado en Casa la Morelos, presenta el trabajo de 9 profesores y sirve como presentaci\u00f3n tanto de la obra de la plantilla docente, como del propio espacio expositivo. La inauguraci\u00f3n de \u00abPreliminares\u00bb es este jueves 16 de marzo a las 19:30 horas y permanecer\u00e1 hasta el 23 de abril.<\/p>\n\n\n\n<p>De acuerdo con el curador, Alfredo Esparza, a trav\u00e9s de grabado, pintura, escultura, instalaci\u00f3n y fotograf\u00eda se despliegan los intereses discursivos de los artistas, que van desde registros de su cotidianeidad o momentos de descanso, hasta reflexiones sobre la identidad, el ethos de objetos ordinarios, representaciones de mundos y personajes fant\u00e1sticos, o se\u00f1alamientos sobre sobre violencia social y medioambiental actual.<\/p>\n\n\n\n<p>As\u00ed pues, esta muestra es un dispositivo que condensa las l\u00edneas de trabajo e investigaci\u00f3n de las artistas\/profesores no \u00fanicamente con la presentaci\u00f3n de sus piezas, sino tambi\u00e9n por medio de sus cuadernos de trabajo, en donde dan cuenta de sus procesos, ejercicios, reflexiones y bocetos.<\/p>\n\n\n\n<p>\u00abCompartir con el p\u00fablico aspectos&nbsp;<em>tras bambalinas&nbsp;<\/em>de los autores invita a pensar en sus obras m\u00e1s all\u00e1 del objeto acabado y dispuesto en la sala; tambi\u00e9n insta a aproximarnos a ellas como parte de un flujo continuo de trabajo, del que esas piezas solo forman una peque\u00f1a parte en cada uno de esos universos particulares\u00bb, expres\u00f3 el artista.<\/p>\n\n\n\n<p><strong>Participantes:<\/strong><\/p>\n\n\n\n<p>Susana Nava<br>Patricia Hern\u00e1ndez<br>Miguel Sifuentes<br>Martha G\u00e1ndara<br>Mart\u00edn Estrada M\u00e1rquez Marcela Zapiain Guadalupe Castro<br>C\u00e9sar Fabela<br>Alfredo Esparza C\u00e1rdenas<\/p>\n","protected":false},"excerpt":{"rendered":"<p>La primera exhibici\u00f3n de este centro, ubicado en Casa la Morelos, presenta el trabajo de 9 profesores y sirve como presentaci\u00f3n tanto de la obra de la plantilla docente, como &hellip; <a href=\"https:\/\/lavereda.com.mx\/index.php\/2023\/03\/15\/centro-de-las-artes-del-norte-presenta-la-exposicion-preliminares\/\" class=\"more-link\">Leer m\u00e1s<\/a><\/p>\n","protected":false},"author":1,"featured_media":4928,"comment_status":"open","ping_status":"open","sticky":false,"template":"","format":"standard","meta":{"footnotes":""},"categories":[3,18],"tags":[62,33],"class_list":["post-4927","post","type-post","status-publish","format-standard","has-post-thumbnail","hentry","category-artes-visuales","category-lomasrelevante","tag-arte","tag-torreon-2","entry"],"_links":{"self":[{"href":"https:\/\/lavereda.com.mx\/index.php\/wp-json\/wp\/v2\/posts\/4927","targetHints":{"allow":["GET"]}}],"collection":[{"href":"https:\/\/lavereda.com.mx\/index.php\/wp-json\/wp\/v2\/posts"}],"about":[{"href":"https:\/\/lavereda.com.mx\/index.php\/wp-json\/wp\/v2\/types\/post"}],"author":[{"embeddable":true,"href":"https:\/\/lavereda.com.mx\/index.php\/wp-json\/wp\/v2\/users\/1"}],"replies":[{"embeddable":true,"href":"https:\/\/lavereda.com.mx\/index.php\/wp-json\/wp\/v2\/comments?post=4927"}],"version-history":[{"count":2,"href":"https:\/\/lavereda.com.mx\/index.php\/wp-json\/wp\/v2\/posts\/4927\/revisions"}],"predecessor-version":[{"id":4930,"href":"https:\/\/lavereda.com.mx\/index.php\/wp-json\/wp\/v2\/posts\/4927\/revisions\/4930"}],"wp:featuredmedia":[{"embeddable":true,"href":"https:\/\/lavereda.com.mx\/index.php\/wp-json\/wp\/v2\/media\/4928"}],"wp:attachment":[{"href":"https:\/\/lavereda.com.mx\/index.php\/wp-json\/wp\/v2\/media?parent=4927"}],"wp:term":[{"taxonomy":"category","embeddable":true,"href":"https:\/\/lavereda.com.mx\/index.php\/wp-json\/wp\/v2\/categories?post=4927"},{"taxonomy":"post_tag","embeddable":true,"href":"https:\/\/lavereda.com.mx\/index.php\/wp-json\/wp\/v2\/tags?post=4927"}],"curies":[{"name":"wp","href":"https:\/\/api.w.org\/{rel}","templated":true}]}}