{"id":4921,"date":"2023-03-14T22:00:04","date_gmt":"2023-03-14T22:00:04","guid":{"rendered":"http:\/\/lavereda.com.mx\/?p=4921"},"modified":"2023-03-14T23:20:58","modified_gmt":"2023-03-14T23:20:58","slug":"invitan-a-charla-sobre-el-papel-de-las-mujeres-en-la-historia-de-la-musica","status":"publish","type":"post","link":"https:\/\/lavereda.com.mx\/index.php\/2023\/03\/14\/invitan-a-charla-sobre-el-papel-de-las-mujeres-en-la-historia-de-la-musica\/","title":{"rendered":"Invitan a charla sobre el papel de las mujeres en la historia de la m\u00fasica"},"content":{"rendered":"\n<p>\u201cA m\u00ed nadie me dijo que no pod\u00eda tocar un instrumento y que no pod\u00eda cantar\u201d, afirm\u00f3 Paola Carrillo, educadora musical quien impartir\u00e1 la charla&nbsp;\u201cMujeres en la m\u00fasica: Su historia\u201d, este jueves 16 de marzo en el Archivo Municipal de Torre\u00f3n. La invitaci\u00f3n es a las 19:00 horas, sin costo, en el marco del D\u00eda Internacional de la Mujer.<\/p>\n\n\n\n<p>Para la maestra, quien adem\u00e1s es cellista en la Orquesta Sinf\u00f3nica Juvenil y en un cuarteto en Torre\u00f3n, es importante visibilizar el papel de las mujeres en la m\u00fasica acad\u00e9mica, pues se le ha dado poca difusi\u00f3n y existieron mujeres compositoras e int\u00e9rpretes que destacaron a la par de grandes m\u00fasicos de la historia universal.<\/p>\n\n\n\n<p>Afirm\u00f3 que\u00a0las mujeres siempre han formado parte de la creaci\u00f3n e interpretaci\u00f3n dentro del \u00e1mbito de la m\u00fasica acad\u00e9mica, aunque por diversas razones estas pr\u00e1cticas se han invisibilizado, y es hasta a\u00f1os muy recientes, dijo, que se ha comenzado a estudiar y profundizar en el destacado papel que el g\u00e9nero femenino ha tenido en la esfera musical a lo largo de los siglos.\u00a0<\/p>\n\n\n\n<figure class=\"wp-block-image size-full is-resized\"><img fetchpriority=\"high\" decoding=\"async\" src=\"https:\/\/lavereda.com.mx\/wp-content\/uploads\/2023\/03\/WhatsApp-Image-2023-02-16-at-11.37.13-PM.jpeg\" alt=\"\" class=\"wp-image-4922\" width=\"506\" height=\"509\" srcset=\"https:\/\/lavereda.com.mx\/wp-content\/uploads\/2023\/03\/WhatsApp-Image-2023-02-16-at-11.37.13-PM.jpeg 954w, https:\/\/lavereda.com.mx\/wp-content\/uploads\/2023\/03\/WhatsApp-Image-2023-02-16-at-11.37.13-PM-298x300.jpeg 298w, https:\/\/lavereda.com.mx\/wp-content\/uploads\/2023\/03\/WhatsApp-Image-2023-02-16-at-11.37.13-PM-150x150.jpeg 150w, https:\/\/lavereda.com.mx\/wp-content\/uploads\/2023\/03\/WhatsApp-Image-2023-02-16-at-11.37.13-PM-768x773.jpeg 768w\" sizes=\"(max-width: 506px) 100vw, 506px\" \/><figcaption><em>Foto: Paola Carrillo<\/em><\/figcaption><\/figure>\n\n\n\n<p>Coment\u00f3 adem\u00e1s que con esta charla se busca hacer un breve recorrido hist\u00f3rico por la vida de algunas de estas mujeres, y poner de manifiesto el importante y muchas veces desconocido papel que han tenido en el desarrollo de la m\u00fasica occidental.&nbsp;<\/p>\n\n\n\n<p>Coment\u00f3 que las dos mujeres que m\u00e1s se mencionan en la historia musical son Clara Schumann y Fany Mendelssohn, quienes desarrollaron sus carreras en el siglo XIX, a la par de los hombres con quienes convivieron, pero no con el mismo empuje que se les dio a ellos.<\/p>\n\n\n\n<p>Pero tambi\u00e9n se\u00f1al\u00f3 que ha habido otras grandes mujeres int\u00e9rpretes y compositoras, cuya obra merece difusi\u00f3n. Resalt\u00f3 que en fechas recientes se inform\u00f3 que por primera vez una mujer se ha convertido en la primera en ocupar el puesto de concertino en la Filarm\u00f3mica de Berl\u00edn, despu\u00e9s de 150 a\u00f1os.<\/p>\n\n\n\n<p>Paola Carrillo es educadora musical por la Universidad Veracruzana, violoncellista y contralto, inici\u00f3 su formaci\u00f3n musical en el Programa Orquestas y Coros Juveniles de M\u00e9xico (hoy Sistema Nacional de Fomento Musical). Actualmente forma parte del cuarteto de cuerdas \u201cArbat\u201d en Torre\u00f3n.<\/p>\n\n\n\n<p>Esta ser\u00e1 una de las actividades que el Archivo Municipal prepar\u00f3 como reconocimiento a la lucha de las mujeres, y en d\u00edas siguientes seguir\u00e1 un panel de discusi\u00f3n.<\/p>\n\n\n\n<p>El Archivo Municipal est\u00e1 ubicado en calle Acu\u00f1a 140 sur, en el centro de la ciudad.<\/p>\n","protected":false},"excerpt":{"rendered":"<p>\u201cA m\u00ed nadie me dijo que no pod\u00eda tocar un instrumento y que no pod\u00eda cantar\u201d, afirm\u00f3 Paola Carrillo, educadora musical quien impartir\u00e1 la charla&nbsp;\u201cMujeres en la m\u00fasica: Su historia\u201d, &hellip; <a href=\"https:\/\/lavereda.com.mx\/index.php\/2023\/03\/14\/invitan-a-charla-sobre-el-papel-de-las-mujeres-en-la-historia-de-la-musica\/\" class=\"more-link\">Leer m\u00e1s<\/a><\/p>\n","protected":false},"author":9,"featured_media":4923,"comment_status":"open","ping_status":"open","sticky":false,"template":"","format":"standard","meta":{"footnotes":""},"categories":[18,4],"tags":[],"class_list":["post-4921","post","type-post","status-publish","format-standard","has-post-thumbnail","hentry","category-lomasrelevante","category-musica","entry"],"_links":{"self":[{"href":"https:\/\/lavereda.com.mx\/index.php\/wp-json\/wp\/v2\/posts\/4921","targetHints":{"allow":["GET"]}}],"collection":[{"href":"https:\/\/lavereda.com.mx\/index.php\/wp-json\/wp\/v2\/posts"}],"about":[{"href":"https:\/\/lavereda.com.mx\/index.php\/wp-json\/wp\/v2\/types\/post"}],"author":[{"embeddable":true,"href":"https:\/\/lavereda.com.mx\/index.php\/wp-json\/wp\/v2\/users\/9"}],"replies":[{"embeddable":true,"href":"https:\/\/lavereda.com.mx\/index.php\/wp-json\/wp\/v2\/comments?post=4921"}],"version-history":[{"count":2,"href":"https:\/\/lavereda.com.mx\/index.php\/wp-json\/wp\/v2\/posts\/4921\/revisions"}],"predecessor-version":[{"id":4926,"href":"https:\/\/lavereda.com.mx\/index.php\/wp-json\/wp\/v2\/posts\/4921\/revisions\/4926"}],"wp:featuredmedia":[{"embeddable":true,"href":"https:\/\/lavereda.com.mx\/index.php\/wp-json\/wp\/v2\/media\/4923"}],"wp:attachment":[{"href":"https:\/\/lavereda.com.mx\/index.php\/wp-json\/wp\/v2\/media?parent=4921"}],"wp:term":[{"taxonomy":"category","embeddable":true,"href":"https:\/\/lavereda.com.mx\/index.php\/wp-json\/wp\/v2\/categories?post=4921"},{"taxonomy":"post_tag","embeddable":true,"href":"https:\/\/lavereda.com.mx\/index.php\/wp-json\/wp\/v2\/tags?post=4921"}],"curies":[{"name":"wp","href":"https:\/\/api.w.org\/{rel}","templated":true}]}}