{"id":4915,"date":"2023-03-12T22:20:51","date_gmt":"2023-03-12T22:20:51","guid":{"rendered":"http:\/\/lavereda.com.mx\/?p=4915"},"modified":"2023-03-12T22:21:31","modified_gmt":"2023-03-12T22:21:31","slug":"reconocen-trayectoria-en-el-cine-teatro-y-television-de-ignacio-lopez-tarso","status":"publish","type":"post","link":"https:\/\/lavereda.com.mx\/index.php\/2023\/03\/12\/reconocen-trayectoria-en-el-cine-teatro-y-television-de-ignacio-lopez-tarso\/","title":{"rendered":"Reconocen trayectoria en el cine, teatro y televisi\u00f3n de Ignacio L\u00f3pez Tarso"},"content":{"rendered":"\n<ul class=\"wp-block-list\"><li><strong><em>La Secretar\u00eda de Cultura y el Inbal se suman a las condolencias para la familia, con la  realizaci\u00f3n de un homenaje p\u00f3stumo a su trayectoria este domingo por la tarde en el Palacio de Bellas Artes<\/em><\/strong><\/li><\/ul>\n\n\n\n<p>La Secretar\u00eda de Cultura y el Instituto Nacional de Bellas Artes y Literatura (Inbal) lamentaron el fallecimiento este s\u00e1bado 11 de marzo de 2023 del primer actor Ignacio L\u00f3pez Tarso.<\/p>\n\n\n\n<p>Del seminario al teatro, cine y televisi\u00f3n, Ignacio L\u00f3pez Tarso fue un primer actor reconocido y admirado a nivel nacional e internacional, quien deja un legado fundamental en el cine mexicano.<\/p>\n\n\n\n<p>La secretaria de Cultura federal, Alejandra Frausto Guerrero, lament\u00f3 el deceso de uno de los m\u00e1s grandes actores de M\u00e9xico. Tras enviar condolencias a sus hijos Juan Ignacio, Susana y Gabriela, reconoci\u00f3 que Ignacio L\u00f3pez Tarso destac\u00f3 en teatro, televisi\u00f3n y cine, siendo&nbsp;<em>Macario<\/em>&nbsp;la pel\u00edcula que lo consolid\u00f3 en la memoria colectiva de M\u00e9xico.<\/p>\n\n\n\n<p>Por su parte, la directora general del Inbal, Lucina Jim\u00e9nez L\u00f3pez, rememor\u00f3 al gran maestro, primer actor y gran creador del teatro, el cine y la televisi\u00f3n nacionales, de quien reconoci\u00f3: \u201cGran legado de excelencia y compromiso deja para las actuales generaciones\u201d.<\/p>\n\n\n\n<p>Asimismo, extern\u00f3 su solidaridad con colegas, actores y actrices, integrantes de la comunidad teatral. Habremos de respetar los deseos de su familia y acompa\u00f1ar este tr\u00e1nsito de manera respetuosa y solidaria. Y reiter\u00f3 que \u201cLas puertas del Palacio de Bellas Artes est\u00e1n abiertas hoy y siempre para \u00e9l\u201d.<\/p>\n\n\n\n<p>El histri\u00f3n mexicano es el primer actor egresado de la Academia de Arte Dram\u00e1tico del Inbal, quien como estudiante debut\u00f3 con la obra<em>Sue\u00f1o de una noche de verano,<\/em>&nbsp;de William Shakespeare.<\/p>\n\n\n\n<p>Su paso por el cine fue impresionante, con personajes que permanecen en el imaginario colectivo, como es el caso de&nbsp;<em>Macario<\/em>. Dio vida, adem\u00e1s, a&nbsp;<em>Cri Cri El grillito cantor<\/em>, as\u00ed como a&nbsp;<em>El hombre de papel<\/em>; en televisi\u00f3n intervino en teleseries como&nbsp;<em>Senda de gloria<\/em>,&nbsp;<em>La malquerida,&nbsp;<\/em>entre otras. Grab\u00f3 ocho discos de versos y corridos y tambi\u00e9n incursion\u00f3 en el doblaje.<\/p>\n\n\n\n<p>A nivel profesional, su amplia trayectoria inici\u00f3 en 1951 con la obra&nbsp;<em>Nacida ayer<\/em>, de Garson Kanin. A partir de entonces particip\u00f3 en innumerables obras de teatro, como&nbsp;<em>La Celestina<\/em>,&nbsp;<em>Don Juan Tenorio&nbsp;<\/em>y&nbsp;<em>Cyrano de Bergerac.&nbsp;<\/em><\/p>\n\n\n\n<p>Obtuvo premios y reconocimientos, tanto en M\u00e9xico como a nivel internacional, entre otros, en 2006 recibi\u00f3 la Medalla de Oro Conmemorativa Bellas Artes que le otorg\u00f3 el Instituto Nacional de Bellas Artes y Literatura.<\/p>\n\n\n\n<p>Cabe destacar que L\u00f3pez Tarso particip\u00f3 en varias ocasiones en el ciclo de lectura que organiza el Inbal: \u201cLeo\u2026 luego existo\u201d.<\/p>\n\n\n\n<p>En m\u00faltiples ocasiones refiri\u00f3 que su pasi\u00f3n por la actuaci\u00f3n comenz\u00f3 a los ocho a\u00f1os, cuando vio una funci\u00f3n de teatro en una carpa en el barrio de Analco, en Guadalajara, Jalisco.<\/p>\n\n\n\n<p>La falta de recursos econ\u00f3micos para continuar sus estudios despu\u00e9s de la secundaria lo llevaron a ingresar en el Seminario Menor de Temascalcingo, Estado de M\u00e9xico. All\u00ed se inici\u00f3 en el teatro, en el grupo que organiz\u00f3 un sacerdote para realizar representaciones a beneficio del seminario y donde empez\u00f3 a leer a los cl\u00e1sicos: Lope de Vega y Calder\u00f3n de la Barca, entre otros.<\/p>\n\n\n\n<p>Adem\u00e1s, se convirti\u00f3 en el lector oficial, por lo que aprendi\u00f3 a recitar poes\u00eda con dicci\u00f3n y m\u00e9trica correctas.<\/p>\n\n\n\n<p>A los 20 a\u00f1os abandon\u00f3 el seminario por falta de vocaci\u00f3n y realiz\u00f3 el Servicio Militar durante un a\u00f1o en diferentes regimientos, aunque le auguraban una exitosa carrera militar, tambi\u00e9n la dej\u00f3 por no ser de su agrado.<\/p>\n\n\n\n<p>Al sufrir una ca\u00edda, qued\u00f3 incapacitado por un a\u00f1o, tiempo que aprovech\u00f3 para leer y descubrir la poes\u00eda de Xavier Villaurrutia. Al mismo tiempo se enter\u00f3 del inicio de cursos de actuaci\u00f3n en el Palacio de Bellas Artes, donde uno de los maestros iba a ser Villaurrutia.<\/p>\n\n\n\n<p>El poeta y dramaturgo reconoci\u00f3 el inter\u00e9s del aspirante a actor y lo acept\u00f3 como oyente y poco tiempo despu\u00e9s se integr\u00f3 al grupo.<\/p>\n\n\n\n<p>Es con el grupo de Teatro Estudiantil Aut\u00f3nomo, fundado por Xavier Rojas, como particip\u00f3 en presentaciones al aire libre, en calles, plazas, mercados y tiene contacto con el p\u00fablico.<\/p>\n\n\n\n<p>Adem\u00e1s de Xavier Villaurrutia, Roberto Rojas, Xavier Rojas y Salvador Novo, Ignacio L\u00f3pez Tarso tuvo como maestros a Clementina Otero, Celestino Gorostiza, Andr\u00e9 Moreau, Seki Sano, Fernando Wagner, Fernando Torre Lapham, entre otros.<\/p>\n\n\n\n<p>Entre las obras teatrales en las que particip\u00f3 est\u00e1n:&nbsp;<em>Moctezuma II<\/em>, de Sergio Maga\u00f1a;&nbsp;<em>Otelo, Edipo Rey, El avaro&nbsp;<\/em>y<em>&nbsp;Tirano Banderas;<\/em>&nbsp;en 1966 debut\u00f3 en la versi\u00f3n mexicana de&nbsp;<em>Hello Dolly<\/em>, al lado de Silvia Pinal, entre otras puestas en escena. Algunas de sus actuaciones en cine fueron en&nbsp;<em>El gallo de oro<\/em>,&nbsp;<em>La vida in\u00fatil de Pito P\u00e9rez<\/em>,&nbsp;<em>El profeta Mim\u00ed y<\/em>&nbsp;<em>Los alba\u00f1iles<\/em>, adem\u00e1s de la inolvidable&nbsp;<em>Macario.<\/em><\/p>\n\n\n\n<p><\/p>\n","protected":false},"excerpt":{"rendered":"<p>La Secretar\u00eda de Cultura y el Inbal se suman a las condolencias para la familia, con la realizaci\u00f3n de un homenaje p\u00f3stumo a su trayectoria este domingo por la tarde &hellip; <a href=\"https:\/\/lavereda.com.mx\/index.php\/2023\/03\/12\/reconocen-trayectoria-en-el-cine-teatro-y-television-de-ignacio-lopez-tarso\/\" class=\"more-link\">Leer m\u00e1s<\/a><\/p>\n","protected":false},"author":1,"featured_media":4916,"comment_status":"open","ping_status":"open","sticky":false,"template":"","format":"standard","meta":{"footnotes":""},"categories":[2,18],"tags":[],"class_list":["post-4915","post","type-post","status-publish","format-standard","has-post-thumbnail","hentry","category-artes-escenicas","category-lomasrelevante","entry"],"_links":{"self":[{"href":"https:\/\/lavereda.com.mx\/index.php\/wp-json\/wp\/v2\/posts\/4915","targetHints":{"allow":["GET"]}}],"collection":[{"href":"https:\/\/lavereda.com.mx\/index.php\/wp-json\/wp\/v2\/posts"}],"about":[{"href":"https:\/\/lavereda.com.mx\/index.php\/wp-json\/wp\/v2\/types\/post"}],"author":[{"embeddable":true,"href":"https:\/\/lavereda.com.mx\/index.php\/wp-json\/wp\/v2\/users\/1"}],"replies":[{"embeddable":true,"href":"https:\/\/lavereda.com.mx\/index.php\/wp-json\/wp\/v2\/comments?post=4915"}],"version-history":[{"count":2,"href":"https:\/\/lavereda.com.mx\/index.php\/wp-json\/wp\/v2\/posts\/4915\/revisions"}],"predecessor-version":[{"id":4918,"href":"https:\/\/lavereda.com.mx\/index.php\/wp-json\/wp\/v2\/posts\/4915\/revisions\/4918"}],"wp:featuredmedia":[{"embeddable":true,"href":"https:\/\/lavereda.com.mx\/index.php\/wp-json\/wp\/v2\/media\/4916"}],"wp:attachment":[{"href":"https:\/\/lavereda.com.mx\/index.php\/wp-json\/wp\/v2\/media?parent=4915"}],"wp:term":[{"taxonomy":"category","embeddable":true,"href":"https:\/\/lavereda.com.mx\/index.php\/wp-json\/wp\/v2\/categories?post=4915"},{"taxonomy":"post_tag","embeddable":true,"href":"https:\/\/lavereda.com.mx\/index.php\/wp-json\/wp\/v2\/tags?post=4915"}],"curies":[{"name":"wp","href":"https:\/\/api.w.org\/{rel}","templated":true}]}}