{"id":4910,"date":"2023-03-11T23:40:16","date_gmt":"2023-03-11T23:40:16","guid":{"rendered":"http:\/\/lavereda.com.mx\/?p=4910"},"modified":"2023-03-11T23:43:46","modified_gmt":"2023-03-11T23:43:46","slug":"magia-a-la-luz-de-la-luna","status":"publish","type":"post","link":"https:\/\/lavereda.com.mx\/index.php\/2023\/03\/11\/magia-a-la-luz-de-la-luna\/","title":{"rendered":"Magia a la luz de la luna"},"content":{"rendered":"\n<p><strong>Magic in the moonlight, 2014<\/strong><\/p>\n\n\n\n<p>Amazon Prime Video<\/p>\n\n\n\n<p>Esta encantadora y sencilla comedia escrita y dirigida por Woody Allen concentra su gran atractivo en el casting encabezado por Colin Firth, quien es un mago de los a\u00f1os 20, en Europa, que tiene por encargo desenmascarar a una m\u00e9dium joven y bella, interpretada por Emma Stone.<\/p>\n\n\n\n<p>La chica ha estado apegada a una familia de mucho dinero y los allegados creen que sangra sus finanzas con enga\u00f1os.<\/p>\n\n\n\n<p>Sin embargo, el ilusionista pronto queda atrapado por los encantos de quien es su objetivo, y se cuestiona sus propias creencias. \u00c9l, tan esc\u00e9ptico y conocedor de los trucos, se da cuenta de que tal vez, ella s\u00ed tenga poderes, se comunique con los muertos, vea el futuro y lea la mente.<\/p>\n\n\n\n<p>En medio de sus investigaciones, por supuesto, surgir\u00e1 el amor.<\/p>\n\n\n\n<p>El maestro Allen regresa como siempre a su costumbre de describir con mucho humor c\u00f3mo son los amores contrariados, en este caso de un hombre que es mucho mayor que su inter\u00e9s rom\u00e1ntico. Se proyecta un poco, el genio.<\/p>\n\n\n\n<p>Es una obra menor del realizador, pero confirma que es de los mejores escritores de cine para elaborar di\u00e1logos.<\/p>\n\n\n\n<p>(PG-13. Orientaci\u00f3n de los padres a menores de 13 a\u00f1os)<\/p>\n\n\n\n<p>@LucianoCamposG<\/p>\n\n\n\n<figure class=\"wp-block-embed is-type-video is-provider-youtube wp-block-embed-youtube wp-embed-aspect-16-9 wp-has-aspect-ratio\"><div class=\"wp-block-embed__wrapper\">\n<iframe title=\"Magia a la Luz de la Luna   trailer subtitulado\" width=\"1170\" height=\"658\" src=\"https:\/\/www.youtube.com\/embed\/dcVHsbqa2VQ?feature=oembed\" frameborder=\"0\" allow=\"accelerometer; autoplay; clipboard-write; encrypted-media; gyroscope; picture-in-picture; web-share\" allowfullscreen><\/iframe>\n<\/div><\/figure>\n","protected":false},"excerpt":{"rendered":"<p>Magic in the moonlight, 2014 Amazon Prime Video Esta encantadora y sencilla comedia escrita y dirigida por Woody Allen concentra su gran atractivo en el casting encabezado por Colin Firth, &hellip; <a href=\"https:\/\/lavereda.com.mx\/index.php\/2023\/03\/11\/magia-a-la-luz-de-la-luna\/\" class=\"more-link\">Leer m\u00e1s<\/a><\/p>\n","protected":false},"author":3,"featured_media":4911,"comment_status":"open","ping_status":"open","sticky":false,"template":"","format":"standard","meta":{"footnotes":""},"categories":[6,7],"tags":[40],"class_list":["post-4910","post","type-post","status-publish","format-standard","has-post-thumbnail","hentry","category-cinetv","category-entretenimiento","tag-cine","entry"],"_links":{"self":[{"href":"https:\/\/lavereda.com.mx\/index.php\/wp-json\/wp\/v2\/posts\/4910","targetHints":{"allow":["GET"]}}],"collection":[{"href":"https:\/\/lavereda.com.mx\/index.php\/wp-json\/wp\/v2\/posts"}],"about":[{"href":"https:\/\/lavereda.com.mx\/index.php\/wp-json\/wp\/v2\/types\/post"}],"author":[{"embeddable":true,"href":"https:\/\/lavereda.com.mx\/index.php\/wp-json\/wp\/v2\/users\/3"}],"replies":[{"embeddable":true,"href":"https:\/\/lavereda.com.mx\/index.php\/wp-json\/wp\/v2\/comments?post=4910"}],"version-history":[{"count":2,"href":"https:\/\/lavereda.com.mx\/index.php\/wp-json\/wp\/v2\/posts\/4910\/revisions"}],"predecessor-version":[{"id":4913,"href":"https:\/\/lavereda.com.mx\/index.php\/wp-json\/wp\/v2\/posts\/4910\/revisions\/4913"}],"wp:featuredmedia":[{"embeddable":true,"href":"https:\/\/lavereda.com.mx\/index.php\/wp-json\/wp\/v2\/media\/4911"}],"wp:attachment":[{"href":"https:\/\/lavereda.com.mx\/index.php\/wp-json\/wp\/v2\/media?parent=4910"}],"wp:term":[{"taxonomy":"category","embeddable":true,"href":"https:\/\/lavereda.com.mx\/index.php\/wp-json\/wp\/v2\/categories?post=4910"},{"taxonomy":"post_tag","embeddable":true,"href":"https:\/\/lavereda.com.mx\/index.php\/wp-json\/wp\/v2\/tags?post=4910"}],"curies":[{"name":"wp","href":"https:\/\/api.w.org\/{rel}","templated":true}]}}