{"id":491,"date":"2020-08-22T16:36:54","date_gmt":"2020-08-22T16:36:54","guid":{"rendered":"http:\/\/lavereda.com.mx\/?p=491"},"modified":"2020-08-22T16:37:44","modified_gmt":"2020-08-22T16:37:44","slug":"murales-historicos-de-torreon-seran-reubicados","status":"publish","type":"post","link":"https:\/\/lavereda.com.mx\/index.php\/2020\/08\/22\/murales-historicos-de-torreon-seran-reubicados\/","title":{"rendered":"Murales hist\u00f3ricos de Torre\u00f3n ser\u00e1n reubicados"},"content":{"rendered":"\n<p>La Direcci\u00f3n General de Cultura&nbsp; a trav\u00e9s de la coordinaci\u00f3n de artes visuales, dio inicio al proyecto de rescate y reubicaci\u00f3n de obras art\u00edsticas que se encontraban en el antiguo edificio de presidencia municipal.<\/p>\n\n\n\n<p>Uno de los principales prop\u00f3sitos del Plan de Desarrollo Cultural, de La Direcci\u00f3n General de Cultura de Torre\u00f3n, es la protecci\u00f3n del Patrimonio Cultural e Identitario. <\/p>\n\n\n\n<p>Se trata de 2 obras, la primera, el mural titulado \u201cTorre\u00f3n 100 a\u00f1os\u201d (acr\u00edlico sobre tela), del artista Gerardo Suz\u00e1n de dimensiones 10 x 1.5 metros, fue realizada dentro de una convocatoria con motivo de los 95 a\u00f1os de la ciudad en el a\u00f1o 2002, y estuvo ubicado en el antiguo edificio de presidencia, posteriormente se instal\u00f3 en el Centro Cultural&nbsp; Jabonera \u201cLa Uni\u00f3n\u201d, sin embargo ser\u00e1 trasladado a planta baja de la Presidencia Municipal nuevamente, con el prop\u00f3sito de retornar a su origen, y de enriquecer el valor hist\u00f3rico y art\u00edstico de ese inmueble, la operaci\u00f3n de montaje y desmontaje estar\u00e1n a cargo del muse\u00f3grafo Jorge Lucio.<\/p>\n\n\n\n<p>&nbsp;La presentaci\u00f3n de esta reubicaci\u00f3n se llevar\u00e1 a cabo el pr\u00f3ximo jueves 27 de agosto a las 10:00 hrs. en presencia del alcalde Jorge Zerme\u00f1o Infante.<\/p>\n\n\n\n<p>La segunda obra es una pintura de gran formato titulada \u201cY as\u00ed vencimos al desierto\u201d, del artista Manuel Mu\u00f1oz de dimensiones 3.8 x 11.8 metros, la cual tambi\u00e9n estuvo ubicada en la antigua Presidencia Municipal de Torre\u00f3n, se desmont\u00f3 en el 2009 para ser trasladada y resguardada al Museo del Algod\u00f3n, donde ha permanecido los \u00faltimos 11 a\u00f1os y nunca se mont\u00f3. Esta obra ser\u00e1 restaurada y reubicada en el Centro cultural Jabonera \u201cla Uni\u00f3n\u201d, este proceso tambi\u00e9n estar\u00e1 a cargo del muse\u00f3grafo Jorge Lucio, se planea presentar de manera oficial el montaje de la obra entre los d\u00edas 18 y 22 de septiembre, en el marco de la conmemoraci\u00f3n del aniversario de la ciudad<\/p>\n\n\n\n<p><\/p>\n","protected":false},"excerpt":{"rendered":"<p>La Direcci\u00f3n General de Cultura  a trav\u00e9s de la coordinaci\u00f3n de artes visuales, dio inicio al proyecto de rescate y reubicaci\u00f3n de obras art\u00edsticas que se encontraban en el antiguo edificio de presidencia municipal<\/p>\n","protected":false},"author":1,"featured_media":494,"comment_status":"open","ping_status":"open","sticky":false,"template":"","format":"standard","meta":{"footnotes":""},"categories":[3],"tags":[],"class_list":["post-491","post","type-post","status-publish","format-standard","has-post-thumbnail","hentry","category-artes-visuales","entry"],"_links":{"self":[{"href":"https:\/\/lavereda.com.mx\/index.php\/wp-json\/wp\/v2\/posts\/491","targetHints":{"allow":["GET"]}}],"collection":[{"href":"https:\/\/lavereda.com.mx\/index.php\/wp-json\/wp\/v2\/posts"}],"about":[{"href":"https:\/\/lavereda.com.mx\/index.php\/wp-json\/wp\/v2\/types\/post"}],"author":[{"embeddable":true,"href":"https:\/\/lavereda.com.mx\/index.php\/wp-json\/wp\/v2\/users\/1"}],"replies":[{"embeddable":true,"href":"https:\/\/lavereda.com.mx\/index.php\/wp-json\/wp\/v2\/comments?post=491"}],"version-history":[{"count":1,"href":"https:\/\/lavereda.com.mx\/index.php\/wp-json\/wp\/v2\/posts\/491\/revisions"}],"predecessor-version":[{"id":493,"href":"https:\/\/lavereda.com.mx\/index.php\/wp-json\/wp\/v2\/posts\/491\/revisions\/493"}],"wp:featuredmedia":[{"embeddable":true,"href":"https:\/\/lavereda.com.mx\/index.php\/wp-json\/wp\/v2\/media\/494"}],"wp:attachment":[{"href":"https:\/\/lavereda.com.mx\/index.php\/wp-json\/wp\/v2\/media?parent=491"}],"wp:term":[{"taxonomy":"category","embeddable":true,"href":"https:\/\/lavereda.com.mx\/index.php\/wp-json\/wp\/v2\/categories?post=491"},{"taxonomy":"post_tag","embeddable":true,"href":"https:\/\/lavereda.com.mx\/index.php\/wp-json\/wp\/v2\/tags?post=491"}],"curies":[{"name":"wp","href":"https:\/\/api.w.org\/{rel}","templated":true}]}}