{"id":4902,"date":"2023-03-10T01:24:35","date_gmt":"2023-03-10T01:24:35","guid":{"rendered":"http:\/\/lavereda.com.mx\/?p=4902"},"modified":"2023-03-10T20:02:48","modified_gmt":"2023-03-10T20:02:48","slug":"las-mujeres-tambien-estan-en-el-cine-ellas-programan-estara-en-filminlatino-para-todas-las-audiencias","status":"publish","type":"post","link":"https:\/\/lavereda.com.mx\/index.php\/2023\/03\/10\/las-mujeres-tambien-estan-en-el-cine-ellas-programan-estara-en-filminlatino-para-todas-las-audiencias\/","title":{"rendered":"Las mujeres tambi\u00e9n est\u00e1n en el cine: \u00abEllas programan\u00bb estar\u00e1 en FilminLatino para todas las audiencias"},"content":{"rendered":"\n<p>El ciclo \u201cEllas programan\u201d estar\u00e1 disponible desde el 9 hasta el 12 de marzo en FilminLatino, como parte de las actividades en el marco de la conmemoraci\u00f3n del D\u00eda Internacional de las Mujeres 2023 y la iniciativa Equitativa.&nbsp;<\/p>\n\n\n\n<p>En total se podr\u00e1n ver 10 historias de cineastas mexicanas, nueve de ellas elegidas por mujeres que han dedicado sus esfuerzos a programar y exhibir pel\u00edculas en comunidades del pa\u00eds que no cuentan con acceso a una sala de cine. Ellas son: Jessica Rito, del Cineclub Cinito S\u00e1fico (Nuevo Le\u00f3n); Yazm\u00edn Mart\u00edn, de Cine M\u00f3vil Pantera (Hidalgo); Anahi Jimenez Estudillo, de Nayar LabCinema (Nayarit), y Diana Isabel Armenta Ram\u00edrez, del proyecto Faz a Faz (Tabasco).<\/p>\n\n\n\n<p>El ciclo se podr\u00e1 disfrutar en distintas fechas a trav\u00e9s de FilminLatino, la plataforma en l\u00ednea del Imcine. Adem\u00e1s, se realizar\u00e1n 164 funciones en 43 sedes del pa\u00eds, entre las que se incluyen cineclubes, casas de cultura, foros y salas de exhibici\u00f3n independiente de Baja California, Baja California Sur, Campeche, Chiapas, Ciudad de M\u00e9xico, Colima, Durango, Estado de M\u00e9xico, Guanajuato, Hidalgo, Morelos, Puebla, Quer\u00e9taro, Tamaulipas, Veracruz y Yucat\u00e1n.<\/p>\n\n\n\n<p>Los t\u00edtulos que conforman el ciclo de cine \u201cEllas programan\u201d son:&nbsp;<\/p>\n\n\n\n<p><strong><em>La revuelta <\/em>(2022), de Lucero Gonz\u00e1lez&nbsp;<\/strong><\/p>\n\n\n\n<p>Disponible en:&nbsp;<\/p>\n\n\n\n<ul class=\"wp-block-list\"><li>FilminLatino: disponible el 9 de marzo (de 00:00 a 23:59)<\/li><li>Sedes presenciales<\/li><\/ul>\n\n\n\n<p><strong><em>Tamara y la catarina <\/em>(2016)<em>, de Luc\u00eda Carreras<\/em>&nbsp;<\/strong><\/p>\n\n\n\n<p>Disponible en:&nbsp;<\/p>\n\n\n\n<ul class=\"wp-block-list\"><li>FilminLatino: disponible el 10 y 11 de marzo<\/li><\/ul>\n\n\n\n<p><strong><em>Querida Nancy <\/em>(2021), de Olivia Peregrino&nbsp;<\/strong><\/p>\n\n\n\n<p>Disponible en:&nbsp;<\/p>\n\n\n\n<ul class=\"wp-block-list\"><li>FilminLatino: disponible el 11 y 12 de marzo<\/li><\/ul>\n\n\n\n<p><strong><em>Mi amiga Betty <\/em>(2012), de Diana Garay Vi\u00f1as&nbsp;<\/strong><\/p>\n\n\n\n<p>Disponible en:&nbsp;<\/p>\n\n\n\n<ul class=\"wp-block-list\"><li>FilminLatino: disponible del 9 al 12 de marzo&nbsp;<\/li><li>Sedes presenciales<\/li><\/ul>\n\n\n\n<p><strong><em>La revoluci\u00f3n de los alcatraces <\/em>(2012)<em>, de Luciana Kaplan<\/em>&nbsp;<\/strong><\/p>\n\n\n\n<p>Disponible en:&nbsp;<\/p>\n\n\n\n<ul class=\"wp-block-list\"><li>FilminLatino: disponible del 9 al 12 de marzo&nbsp;<\/li><li>Sedes presenciales<\/li><\/ul>\n\n\n\n<p><strong><em>Flor en otom\u00ed <\/em>(2012), de Luisa Riley&nbsp;<\/strong><\/p>\n\n\n\n<p>Disponible en:&nbsp;<\/p>\n\n\n\n<ul class=\"wp-block-list\"><li>FilminLatino: disponible del 9 al 12 de marzo&nbsp;<\/li><li>Sedes presenciales<\/li><\/ul>\n\n\n\n<p><strong><em>Negra <\/em>(2020), de Medhin Tewolde&nbsp;<\/strong><\/p>\n\n\n\n<p>Disponible en:&nbsp;<\/p>\n\n\n\n<ul class=\"wp-block-list\"><li>FilminLatino: disponible del 9 al 12 de marzo&nbsp;<\/li><li>Sedes presenciales<\/li><\/ul>\n\n\n\n<p><strong><em>Flores de la llanura <\/em>(2021), de Mariana Xochiqu\u00e9tzal Rivera&nbsp;<\/strong><\/p>\n\n\n\n<p>Disponible en:&nbsp;<\/p>\n\n\n\n<ul class=\"wp-block-list\"><li>FilminLatino: disponible del 9 al 12 de marzo<\/li><li>Sedes presenciales&nbsp;<\/li><\/ul>\n\n\n\n<p><strong><em>Los adioses <\/em>(2018), de Natalia Berist\u00e1in&nbsp;<\/strong><\/p>\n\n\n\n<p>Disponible en:&nbsp;<\/p>\n\n\n\n<ul class=\"wp-block-list\"><li>Sedes presenciales<\/li><\/ul>\n\n\n\n<p><strong>Solo por FilminLatino<\/strong><\/p>\n\n\n\n<p>Tambi\u00e9n, se realizar\u00e1 el estreno especial del documental <em>Ahora que estamos juntas<\/em>, de la directora Patricia Balderas Castro, t\u00edtulo que estar\u00e1 disponible del 9 al 12 de marzo de 2023, de manera gratuita, en FilminLatino.&nbsp;<\/p>\n\n\n\n<p>Adem\u00e1s, cada viernes del mes de marzo en la plataforma del Imcine el p\u00fablico podr\u00e1 disfrutar del estreno de una nueva pel\u00edcula (dos cortometrajes y dos largometrajes) protagonizados por mujeres y cuyas historias abordan el tema de g\u00e9nero, estas cintas son: <em>Todo el mundo tiene a alguien menos yo<\/em> (2012), de Ra\u00fal Fuentes; <em>Retiro<\/em> (2019), de Daniela Alatorre; <em>Soy hombre<\/em> (2018), de Juan Pablo Blanco, y <em>Denuncia <\/em>(2020), de Albert Ivars Vinaroz.<\/p>\n\n\n\n<p><strong>De M\u00e9xico para el mundo<\/strong><\/p>\n\n\n\n<p>De manera paralela, del 6 al 24 de marzo, se presentar\u00e1 una programaci\u00f3n especial conformada por 17 pel\u00edculas mexicanas dirigidas por mujeres, las cuales tendr\u00e1n funciones en Armenia, Austria, Canad\u00e1, Colombia, Ecuador, Estados Unidos, Guyana, Malasia, Paraguay, Puerto Rico, Suecia, as\u00ed como Trinidad y Tobago.&nbsp;<\/p>\n\n\n\n<p>Para disfrutar de la segunda edici\u00f3n del ciclo de cine \u201cEllas programan\u201d, desde FilminLatino, solo hay que ingresar a la p\u00e1gina <a href=\"http:\/\/www.filminlatino.mx\"><strong>www.filminlatino.mx<\/strong><\/a>; o bien, a trav\u00e9s de las aplicaciones para tel\u00e9fonos inteligentes o tabletas (compatibles con sistemas iOS y Android).<\/p>\n\n\n\n<p>La programaci\u00f3n completa se encuentra disponible para su consulta en <a href=\"http:\/\/www.imcine.gob.mx\"><strong>www.imcine.gob.mx<\/strong><\/a><strong>&nbsp;<\/strong><\/p>\n\n\n\n<p><strong>Atrapasue\u00f1os: el feminismo en el cine mexicano<\/strong><\/p>\n\n\n\n<p>Como parte de las actividades en conmemoraci\u00f3n del D\u00eda Internacional de las Mujeres 2023, el Imcine ha preparado un episodio especial de su programa de televisi\u00f3n <em>Atrapasue\u00f1os: la diversidad de nuestro cine<\/em>, dedicado a explorar a trav\u00e9s de las voces de cr\u00edticas de cine y realizadoras el papel que el feminismo ha adquirido en los diversos espacios de la sociedad mexicana (desde lo p\u00fablico, lo acad\u00e9mico,&nbsp; lo social y lo cultural) pero tambi\u00e9n el c\u00f3mo se ha representado a las mujeres en pantalla, qu\u00e9 tem\u00e1ticas les rodean y quienes narran hoy sus historias.&nbsp;<\/p>\n\n\n\n<p>El programa <em>Ellas no callan: el feminismo en el cine mexicano<\/em> podr\u00e1 verse a trav\u00e9s de MX Nuestro Cine (se\u00f1al 22.2) el viernes 10 de marzo de 2023, a las 18:00 horas; con repeticiones los d\u00edas s\u00e1bado 11 (a las 12:00 horas) y el lunes 13 (a las 15:00 horas). &nbsp;<\/p>\n\n\n\n<p>MX Nuestro Cine se transmite por la se\u00f1al del Canal 22.2 de televisi\u00f3n abierta, 1278 de SKY, 125 de Megacable, 304 DISH, 481 IZZY, 143 Total Play.<\/p>\n\n\n\n<figure class=\"wp-block-image size-full\"><img fetchpriority=\"high\" decoding=\"async\" width=\"1000\" height=\"559\" src=\"https:\/\/lavereda.com.mx\/wp-content\/uploads\/2023\/03\/NARRALO_TW.jpg\" alt=\"\" class=\"wp-image-4904\" srcset=\"https:\/\/lavereda.com.mx\/wp-content\/uploads\/2023\/03\/NARRALO_TW.jpg 1000w, https:\/\/lavereda.com.mx\/wp-content\/uploads\/2023\/03\/NARRALO_TW-300x168.jpg 300w, https:\/\/lavereda.com.mx\/wp-content\/uploads\/2023\/03\/NARRALO_TW-768x429.jpg 768w\" sizes=\"(max-width: 1000px) 100vw, 1000px\" \/><\/figure>\n\n\n\n<p><strong>Mujeres creando cine a trav\u00e9s del concurso \u201cN\u00e1rralo en primera persona\u201d<\/strong><\/p>\n\n\n\n<p>La Secretar\u00eda de Cultura del Gobierno de M\u00e9xico, a trav\u00e9s del Instituto Mexicano de Cinematograf\u00eda (Imcine), abre la convocatoria a la cuarta edici\u00f3n del concurso de guiones de cortometraje \u201cN\u00e1rralo en primera persona\u201d, que en esta ocasi\u00f3n estar\u00e1 dedicado a la sororidad y la resiliencia.<\/p>\n\n\n\n<p>Podr\u00e1n participar con una obra in\u00e9dita mujeres y mujeres trans mayores de edad, de nacionalidad mexicana, con residencia permanente o calidad de migrante en M\u00e9xico, as\u00ed como mexicanas que vivan en el extranjero con una cuenta bancaria activa en M\u00e9xico.&nbsp;<\/p>\n\n\n\n<p>Las autoras que resulten ganadoras recibir\u00e1n un premio por $50 mil pesos. Adem\u00e1s, podr\u00e1n participar en una pl\u00e1tica sobre c\u00f3mo preparar una presentaci\u00f3n verbal de sus proyectos (<em>pitching<\/em>) para, posteriormente, reunirse con productoras y productores a fin de explorar la posibilidad de filmar sus trabajos.<\/p>\n\n\n\n<p>El periodo de inscripci\u00f3n para la cuarta edici\u00f3n de \u201cN\u00e1rralo en primera persona\u201d, ser\u00e1 del 8 de marzo al 19 de mayo de 2023. Las bases se encuentran disponibles para su consulta en <a href=\"http:\/\/www.imcine.gob.mx\"><strong>www.imcine.gob.mx<\/strong><\/a><strong>&nbsp;<\/strong><\/p>\n","protected":false},"excerpt":{"rendered":"<p>El ciclo \u201cEllas programan\u201d estar\u00e1 disponible desde el 9 hasta el 12 de marzo en FilminLatino, como parte de las actividades en el marco de la conmemoraci\u00f3n del D\u00eda Internacional &hellip; <a href=\"https:\/\/lavereda.com.mx\/index.php\/2023\/03\/10\/las-mujeres-tambien-estan-en-el-cine-ellas-programan-estara-en-filminlatino-para-todas-las-audiencias\/\" class=\"more-link\">Leer m\u00e1s<\/a><\/p>\n","protected":false},"author":17,"featured_media":4903,"comment_status":"open","ping_status":"open","sticky":false,"template":"","format":"standard","meta":{"footnotes":""},"categories":[3,18],"tags":[],"class_list":["post-4902","post","type-post","status-publish","format-standard","has-post-thumbnail","hentry","category-artes-visuales","category-lomasrelevante","entry"],"_links":{"self":[{"href":"https:\/\/lavereda.com.mx\/index.php\/wp-json\/wp\/v2\/posts\/4902","targetHints":{"allow":["GET"]}}],"collection":[{"href":"https:\/\/lavereda.com.mx\/index.php\/wp-json\/wp\/v2\/posts"}],"about":[{"href":"https:\/\/lavereda.com.mx\/index.php\/wp-json\/wp\/v2\/types\/post"}],"author":[{"embeddable":true,"href":"https:\/\/lavereda.com.mx\/index.php\/wp-json\/wp\/v2\/users\/17"}],"replies":[{"embeddable":true,"href":"https:\/\/lavereda.com.mx\/index.php\/wp-json\/wp\/v2\/comments?post=4902"}],"version-history":[{"count":2,"href":"https:\/\/lavereda.com.mx\/index.php\/wp-json\/wp\/v2\/posts\/4902\/revisions"}],"predecessor-version":[{"id":4906,"href":"https:\/\/lavereda.com.mx\/index.php\/wp-json\/wp\/v2\/posts\/4902\/revisions\/4906"}],"wp:featuredmedia":[{"embeddable":true,"href":"https:\/\/lavereda.com.mx\/index.php\/wp-json\/wp\/v2\/media\/4903"}],"wp:attachment":[{"href":"https:\/\/lavereda.com.mx\/index.php\/wp-json\/wp\/v2\/media?parent=4902"}],"wp:term":[{"taxonomy":"category","embeddable":true,"href":"https:\/\/lavereda.com.mx\/index.php\/wp-json\/wp\/v2\/categories?post=4902"},{"taxonomy":"post_tag","embeddable":true,"href":"https:\/\/lavereda.com.mx\/index.php\/wp-json\/wp\/v2\/tags?post=4902"}],"curies":[{"name":"wp","href":"https:\/\/api.w.org\/{rel}","templated":true}]}}