{"id":4888,"date":"2023-03-07T01:10:21","date_gmt":"2023-03-07T01:10:21","guid":{"rendered":"http:\/\/lavereda.com.mx\/?p=4888"},"modified":"2023-03-07T01:10:24","modified_gmt":"2023-03-07T01:10:24","slug":"fallece-el-historiador-mexicano-enrique-florescano-mayet","status":"publish","type":"post","link":"https:\/\/lavereda.com.mx\/index.php\/2023\/03\/07\/fallece-el-historiador-mexicano-enrique-florescano-mayet\/","title":{"rendered":"<strong>Fallece el historiador mexicano Enrique Florescano Mayet<\/strong>"},"content":{"rendered":"\n<p>Enrique Florescano Mayet fue director del Instituto Nacional de Antropolog\u00eda e Historia (INAH) de 1982 a 1988 y titular de la Direcci\u00f3n de Estudios Hist\u00f3ricos (DEH), de 1977 a 1982. Dedic\u00f3 su vida a la historia y al desciframiento de la mitolog\u00eda mesoamericana, la formaci\u00f3n de generaciones y a la creaci\u00f3n de publicaciones, con motivo de los homenajes por sus ocho d\u00e9cadas de vida, en 2017, record\u00f3 su etapa dentro del INAH como una de las m\u00e1s fruct\u00edferas y felices de su carrera.<\/p>\n\n\n\n<p>A trav\u00e9s de sus cuentas de Twitter, la secretaria de Cultura federal, Alejandra Frausto Guerrero, destac\u00f3 su vocaci\u00f3n en el estudio del dios Quetzalc\u00f3atl y de la cosmovisi\u00f3n del ma\u00edz, y el director general del INAH, Diego Prieto Hern\u00e1ndez, expres\u00f3 que con la muerte de Enrique Florescano \u201cse va el gran historiador del M\u00e9xico de todos los tiempos, un buen amigo y un gran director del INAH y de la DEH\u201d.<\/p>\n\n\n\n<p>En su paso por el INAH, el c\u00e9lebre investigador ayud\u00f3 al fortalecimiento de esta instituci\u00f3n, donde llev\u00f3 a cabo un diagn\u00f3stico con una amplia participaci\u00f3n del personal acad\u00e9mico y trabajadores, que se ampli\u00f3 con el inter\u00e9s del Congreso de la Uni\u00f3n y de la Secretar\u00eda de Educaci\u00f3n P\u00fablica, a la que pertenec\u00eda el INAH, logrando una serie de reformas sustantivas en su Ley Org\u00e1nica, aprobadas por el Congreso en 1985, y publicadas en el Diario Oficial de la Federaci\u00f3n en 1986.<\/p>\n\n\n\n<figure class=\"wp-block-image size-full\"><img fetchpriority=\"high\" decoding=\"async\" width=\"1000\" height=\"668\" src=\"https:\/\/lavereda.com.mx\/wp-content\/uploads\/2023\/03\/Foto-Meliton-Tapia.jpeg\" alt=\"\" class=\"wp-image-4890\" srcset=\"https:\/\/lavereda.com.mx\/wp-content\/uploads\/2023\/03\/Foto-Meliton-Tapia.jpeg 1000w, https:\/\/lavereda.com.mx\/wp-content\/uploads\/2023\/03\/Foto-Meliton-Tapia-300x200.jpeg 300w, https:\/\/lavereda.com.mx\/wp-content\/uploads\/2023\/03\/Foto-Meliton-Tapia-768x513.jpeg 768w\" sizes=\"(max-width: 1000px) 100vw, 1000px\" \/><\/figure>\n\n\n\n<p>Adem\u00e1s, en la DEH fund\u00f3 diversos seminarios tem\u00e1ticos que desde entonces inciden en los temas de investigaci\u00f3n de ese centro de estudios, entre ellos, Historia de la Cultura, Historia de las Mentalidades, Historia Oral, Inmigrantes e Historia de las Mujeres. Cont\u00f3 con la colaboraci\u00f3n de pensadores como Carlos Monsiv\u00e1is, Jos\u00e9 Emilio Pacheco, Jos\u00e9 Joaqu\u00edn Blanco, Solange Alberro y Antonio Saborit.&nbsp;<\/p>\n\n\n\n<p>Este \u00faltimo resalt\u00f3 que a Enrique Florescano le toc\u00f3 vivir el apogeo de la historia social y hasta ejercerla, lo que le permiti\u00f3 estar al tanto de las novedades te\u00f3ricas y pr\u00e1cticas en el ejercicio de la historia y promover su empleo y su cr\u00edtica.<\/p>\n\n\n\n<p>Enrique Florescano Mayet naci\u00f3 en San Juan Coscomatepec, Veracruz, y se form\u00f3 en la Universidad Veracruzana, posteriormente curs\u00f3 la maestr\u00eda en El Colegio de M\u00e9xico (Colmex), y obtuvo el grado de doctor en la Escuela Pr\u00e1ctica de Altos Estudios de la Universidad de Par\u00eds, donde estudi\u00f3 bajo la tutela de los grandes referentes de la Escuela de los Annales, como Fernand Braudel.<\/p>\n\n\n\n<p>Al historiador Florescano Mayet le gustaba saberse parte de los arcanos del tiempo: \u201cMira esta maravilla. La serpiente emplumada nadando en el mar primordial. Es el nacimiento del mundo\u201d, exclamaba frente a un bajorrelieve teotihuacano, mientras conced\u00eda una entrevista al diario<em> El Pa\u00eds<\/em>. Esa an\u00e9cdota, sobre un dios al que dedic\u00f3 todo un estudio, dibuja la curiosidad intacta e infinita que lo caracteriz\u00f3.<\/p>\n\n\n\n<p>Entre sus m\u00faltiples reconocimientos est\u00e1n los premios nacionales de Ciencias Sociales (1976), y de Ciencias y Artes en el \u00e1rea de Historia, Ciencias Sociales y Filosof\u00eda, dos d\u00e9cadas despu\u00e9s; as\u00ed como Las Palmas Acad\u00e9micas, por parte del gobierno franc\u00e9s (1982). Adem\u00e1s de la Presea Miguel Oth\u00f3n de Mendiz\u00e1bal (2000) y el Premio Francisco Javier Clavijero (2002), ambos otorgados por el INAH.&nbsp;<\/p>\n\n\n\n<p>Tambi\u00e9n, en 2021 recibi\u00f3 el Premio Alfonso Reyes, otorgado por el Colmex, otra instituci\u00f3n acad\u00e9mica y octogenaria con la que estuvo \u00edntimamente vinculado.<\/p>\n\n\n\n<p>Legado de la mente inquieta de Enrique Flores Cano se encuentran las obras: <em>Origen y desarrollo de los problemas agrarios de M\u00e9xico 1500-1821<\/em> (1976); <em>El poder y la lucha por el poder en la historiograf\u00eda mexicana<\/em> (1980); <em>Etnia, Estado y naci\u00f3n, ensayos sobre las identidades colectivas de M\u00e9xico<\/em> (1997); <em>Memoria ind\u00edgena<\/em> (1999); <em>Memoria mexicana, ensayos sobre la reconstrucci\u00f3n del pasado<\/em> (2000); <em>Quetzalc\u00f3atl y los mitos fundadores de Mesoam\u00e9rica<\/em> (2004) y <em>Los or\u00edgenes del poder en Mesoam\u00e9rica<\/em> (2009), entre varios t\u00edtulos m\u00e1s.<\/p>\n","protected":false},"excerpt":{"rendered":"<p>Enrique Florescano Mayet fue director del Instituto Nacional de Antropolog\u00eda e Historia (INAH) de 1982 a 1988 y titular de la Direcci\u00f3n de Estudios Hist\u00f3ricos (DEH), de 1977 a 1982. &hellip; <a href=\"https:\/\/lavereda.com.mx\/index.php\/2023\/03\/07\/fallece-el-historiador-mexicano-enrique-florescano-mayet\/\" class=\"more-link\">Leer m\u00e1s<\/a><\/p>\n","protected":false},"author":17,"featured_media":4889,"comment_status":"open","ping_status":"open","sticky":false,"template":"","format":"standard","meta":{"footnotes":""},"categories":[18,8],"tags":[],"class_list":["post-4888","post","type-post","status-publish","format-standard","has-post-thumbnail","hentry","category-lomasrelevante","category-sociedad","entry"],"_links":{"self":[{"href":"https:\/\/lavereda.com.mx\/index.php\/wp-json\/wp\/v2\/posts\/4888","targetHints":{"allow":["GET"]}}],"collection":[{"href":"https:\/\/lavereda.com.mx\/index.php\/wp-json\/wp\/v2\/posts"}],"about":[{"href":"https:\/\/lavereda.com.mx\/index.php\/wp-json\/wp\/v2\/types\/post"}],"author":[{"embeddable":true,"href":"https:\/\/lavereda.com.mx\/index.php\/wp-json\/wp\/v2\/users\/17"}],"replies":[{"embeddable":true,"href":"https:\/\/lavereda.com.mx\/index.php\/wp-json\/wp\/v2\/comments?post=4888"}],"version-history":[{"count":1,"href":"https:\/\/lavereda.com.mx\/index.php\/wp-json\/wp\/v2\/posts\/4888\/revisions"}],"predecessor-version":[{"id":4891,"href":"https:\/\/lavereda.com.mx\/index.php\/wp-json\/wp\/v2\/posts\/4888\/revisions\/4891"}],"wp:featuredmedia":[{"embeddable":true,"href":"https:\/\/lavereda.com.mx\/index.php\/wp-json\/wp\/v2\/media\/4889"}],"wp:attachment":[{"href":"https:\/\/lavereda.com.mx\/index.php\/wp-json\/wp\/v2\/media?parent=4888"}],"wp:term":[{"taxonomy":"category","embeddable":true,"href":"https:\/\/lavereda.com.mx\/index.php\/wp-json\/wp\/v2\/categories?post=4888"},{"taxonomy":"post_tag","embeddable":true,"href":"https:\/\/lavereda.com.mx\/index.php\/wp-json\/wp\/v2\/tags?post=4888"}],"curies":[{"name":"wp","href":"https:\/\/api.w.org\/{rel}","templated":true}]}}