{"id":4882,"date":"2023-03-05T16:06:27","date_gmt":"2023-03-05T16:06:27","guid":{"rendered":"http:\/\/lavereda.com.mx\/?p=4882"},"modified":"2023-03-05T16:06:29","modified_gmt":"2023-03-05T16:06:29","slug":"el-poderoso-victoria","status":"publish","type":"post","link":"https:\/\/lavereda.com.mx\/index.php\/2023\/03\/05\/el-poderoso-victoria\/","title":{"rendered":"El Poderoso Victoria"},"content":{"rendered":"\n<p><strong>El Poderoso Victoria, 2023<\/strong><\/p>\n\n\n\n<p><strong>Amazon Prime Video<\/strong><\/p>\n\n\n\n<p>En ocasiones, la fuerza de la esperanza puede derrotar cualquier obst\u00e1culo.<\/p>\n\n\n\n<p>Esta cinta mexicana, amable y familiar, habla de los alcances de la fe y las ventajas de trabajar en unidad.<\/p>\n\n\n\n<p>En un pueblo del norte de M\u00e9xico, en 1936 se anuncia la suspensi\u00f3n de la \u00fanica corrida de ferrocarril, que mantiene viva la econom\u00eda local. El anuncio lo hace un malvado empresario que tiene intereses mezquinos con la decisi\u00f3n de aislar el pueblo.<\/p>\n\n\n\n<p>Para superar la adversidad, los habitantes se re\u00fanen para crear su propia locomotora y convencerse de que pueden aspirar a grandes empresas.<\/p>\n\n\n\n<p>El casting es espectacular, con Dami\u00e1n Alc\u00e1zar, Edgar Vivar, Luis Felipe Tovar, Roberto Sosa, Said Sandoval, Joaqu\u00edn Cos\u00edo, Gerardo O\u00f1ate, Jos\u00e9 Sefami, Daniel Mart\u00ednez, Adal Ramones, Lorena de la Torre, Alonso Ech\u00e1nove.<\/p>\n\n\n\n<p>La comedia, con toques de drama es como una met\u00e1fora del pueblo mexicano que ha vivido en la adversidad, pero que ocasionalmente se une para superar sus desventajas.<\/p>\n\n\n\n<p>Hay un gran trabajo de arte para esta producci\u00f3n, inusual en la cinematograf\u00eda mexicana, que tiene toques de realismo m\u00e1gico.<\/p>\n\n\n\n<p>La familia entera se divertir\u00e1.<\/p>\n\n\n\n<p>(PG. Orientaci\u00f3n de los padres)<\/p>\n\n\n\n<p>@LucianoCampos G<\/p>\n\n\n\n<figure class=\"wp-block-embed is-type-video is-provider-youtube wp-block-embed-youtube wp-embed-aspect-16-9 wp-has-aspect-ratio\"><div class=\"wp-block-embed__wrapper\">\n<iframe title=\"El Poderoso Victoria - Tr\u00e1iler\" width=\"1170\" height=\"658\" src=\"https:\/\/www.youtube.com\/embed\/aMl7_5PVj_E?feature=oembed\" frameborder=\"0\" allow=\"accelerometer; autoplay; clipboard-write; encrypted-media; gyroscope; picture-in-picture; web-share\" allowfullscreen><\/iframe>\n<\/div><\/figure>\n","protected":false},"excerpt":{"rendered":"<p>El Poderoso Victoria, 2023 Amazon Prime Video En ocasiones, la fuerza de la esperanza puede derrotar cualquier obst\u00e1culo. Esta cinta mexicana, amable y familiar, habla de los alcances de la &hellip; <a href=\"https:\/\/lavereda.com.mx\/index.php\/2023\/03\/05\/el-poderoso-victoria\/\" class=\"more-link\">Leer m\u00e1s<\/a><\/p>\n","protected":false},"author":3,"featured_media":4883,"comment_status":"open","ping_status":"open","sticky":false,"template":"","format":"standard","meta":{"footnotes":""},"categories":[6,7],"tags":[40],"class_list":["post-4882","post","type-post","status-publish","format-standard","has-post-thumbnail","hentry","category-cinetv","category-entretenimiento","tag-cine","entry"],"_links":{"self":[{"href":"https:\/\/lavereda.com.mx\/index.php\/wp-json\/wp\/v2\/posts\/4882","targetHints":{"allow":["GET"]}}],"collection":[{"href":"https:\/\/lavereda.com.mx\/index.php\/wp-json\/wp\/v2\/posts"}],"about":[{"href":"https:\/\/lavereda.com.mx\/index.php\/wp-json\/wp\/v2\/types\/post"}],"author":[{"embeddable":true,"href":"https:\/\/lavereda.com.mx\/index.php\/wp-json\/wp\/v2\/users\/3"}],"replies":[{"embeddable":true,"href":"https:\/\/lavereda.com.mx\/index.php\/wp-json\/wp\/v2\/comments?post=4882"}],"version-history":[{"count":1,"href":"https:\/\/lavereda.com.mx\/index.php\/wp-json\/wp\/v2\/posts\/4882\/revisions"}],"predecessor-version":[{"id":4884,"href":"https:\/\/lavereda.com.mx\/index.php\/wp-json\/wp\/v2\/posts\/4882\/revisions\/4884"}],"wp:featuredmedia":[{"embeddable":true,"href":"https:\/\/lavereda.com.mx\/index.php\/wp-json\/wp\/v2\/media\/4883"}],"wp:attachment":[{"href":"https:\/\/lavereda.com.mx\/index.php\/wp-json\/wp\/v2\/media?parent=4882"}],"wp:term":[{"taxonomy":"category","embeddable":true,"href":"https:\/\/lavereda.com.mx\/index.php\/wp-json\/wp\/v2\/categories?post=4882"},{"taxonomy":"post_tag","embeddable":true,"href":"https:\/\/lavereda.com.mx\/index.php\/wp-json\/wp\/v2\/tags?post=4882"}],"curies":[{"name":"wp","href":"https:\/\/api.w.org\/{rel}","templated":true}]}}