{"id":4860,"date":"2023-02-25T01:38:59","date_gmt":"2023-02-25T01:38:59","guid":{"rendered":"http:\/\/lavereda.com.mx\/?p=4860"},"modified":"2023-02-25T01:39:02","modified_gmt":"2023-02-25T01:39:02","slug":"argentina-1985","status":"publish","type":"post","link":"https:\/\/lavereda.com.mx\/index.php\/2023\/02\/25\/argentina-1985\/","title":{"rendered":"Argentina, 1985"},"content":{"rendered":"\n<p>Argentina, 1985, 2022<\/p>\n\n\n\n<p>Amazon Prime Video<\/p>\n\n\n\n<p>Cine pol\u00edtico de primer nivel.<\/p>\n\n\n\n<p>Como se describe en el t\u00edtulo, este drama judicial ocurre en Argentina, en 1985, a\u00f1o en que el Gobierno democr\u00e1ticamente electo decide someter a juicio a los genocidas de la dictadura militar que le antecedi\u00f3, que asesinaron y desaparecieron a miles.<\/p>\n\n\n\n<p>El objetivo principal de este proceso judicial sin precedente era llamar a cuentas, ante la ley, al dictador Jorge Rafael Videla, quien, como presidente militar, reprimi\u00f3 cualquier oposici\u00f3n, lo que sumi\u00f3 al pa\u00eds en un ba\u00f1o de sangre y en una atm\u00f3sfera de terror.<\/p>\n\n\n\n<p>Ricardo Dar\u00edn, como protagonista absoluto, interpreta al fiscal Julio Strassera, que deber\u00e1 enfrentar las diferentes presiones de sectores pol\u00edticos influyentes del pa\u00eds que se oponen a que el bloque de integrantes de las fuerzas armadas, integrados por otros comandantes de alto nivel, fueran sometidos a un proceso judicial, por sus acciones que, dec\u00edan, pacificaron al pa\u00eds.<\/p>\n\n\n\n<p>La cinta es una mirada \u00edntima a las oficinas donde el Fiscal, con un grupo de j\u00f3venes conocedores de temas legales, organizaron la estrategia jur\u00eddica para conseguir que fueran enjuiciados y sentenciados los hombres que provocaron tanto sufrimiento a la naci\u00f3n.<\/p>\n\n\n\n<p>La parte medular de esta historia es la narraci\u00f3n desgarradora de algunas de las v\u00edctimas, que describen con detalles las atrocidades a las que fueron sometidas por los soldados, que evidentemente se extralimitaron en su funci\u00f3n.<\/p>\n\n\n\n<p>Es un excelente drama para adultos, nominado al \u00d3scar 2023 en cinta extranjera.<\/p>\n\n\n\n<p>(NC-17. No apto para menores de 18)<\/p>\n\n\n\n<p>@LucianoCamposG<\/p>\n\n\n\n<figure class=\"wp-block-embed is-type-video is-provider-youtube wp-block-embed-youtube wp-embed-aspect-16-9 wp-has-aspect-ratio\"><div class=\"wp-block-embed__wrapper\">\n<iframe title=\"Argentina, 1985 | Tr\u00e1iler oficial\" width=\"1170\" height=\"658\" src=\"https:\/\/www.youtube.com\/embed\/EDK2FtU5oxg?feature=oembed\" frameborder=\"0\" allow=\"accelerometer; autoplay; clipboard-write; encrypted-media; gyroscope; picture-in-picture; web-share\" allowfullscreen><\/iframe>\n<\/div><\/figure>\n","protected":false},"excerpt":{"rendered":"<p>Argentina, 1985, 2022 Amazon Prime Video Cine pol\u00edtico de primer nivel. Como se describe en el t\u00edtulo, este drama judicial ocurre en Argentina, en 1985, a\u00f1o en que el Gobierno &hellip; <a href=\"https:\/\/lavereda.com.mx\/index.php\/2023\/02\/25\/argentina-1985\/\" class=\"more-link\">Leer m\u00e1s<\/a><\/p>\n","protected":false},"author":3,"featured_media":4861,"comment_status":"open","ping_status":"open","sticky":false,"template":"","format":"standard","meta":{"footnotes":""},"categories":[6,18],"tags":[],"class_list":["post-4860","post","type-post","status-publish","format-standard","has-post-thumbnail","hentry","category-cinetv","category-lomasrelevante","entry"],"_links":{"self":[{"href":"https:\/\/lavereda.com.mx\/index.php\/wp-json\/wp\/v2\/posts\/4860","targetHints":{"allow":["GET"]}}],"collection":[{"href":"https:\/\/lavereda.com.mx\/index.php\/wp-json\/wp\/v2\/posts"}],"about":[{"href":"https:\/\/lavereda.com.mx\/index.php\/wp-json\/wp\/v2\/types\/post"}],"author":[{"embeddable":true,"href":"https:\/\/lavereda.com.mx\/index.php\/wp-json\/wp\/v2\/users\/3"}],"replies":[{"embeddable":true,"href":"https:\/\/lavereda.com.mx\/index.php\/wp-json\/wp\/v2\/comments?post=4860"}],"version-history":[{"count":1,"href":"https:\/\/lavereda.com.mx\/index.php\/wp-json\/wp\/v2\/posts\/4860\/revisions"}],"predecessor-version":[{"id":4862,"href":"https:\/\/lavereda.com.mx\/index.php\/wp-json\/wp\/v2\/posts\/4860\/revisions\/4862"}],"wp:featuredmedia":[{"embeddable":true,"href":"https:\/\/lavereda.com.mx\/index.php\/wp-json\/wp\/v2\/media\/4861"}],"wp:attachment":[{"href":"https:\/\/lavereda.com.mx\/index.php\/wp-json\/wp\/v2\/media?parent=4860"}],"wp:term":[{"taxonomy":"category","embeddable":true,"href":"https:\/\/lavereda.com.mx\/index.php\/wp-json\/wp\/v2\/categories?post=4860"},{"taxonomy":"post_tag","embeddable":true,"href":"https:\/\/lavereda.com.mx\/index.php\/wp-json\/wp\/v2\/tags?post=4860"}],"curies":[{"name":"wp","href":"https:\/\/api.w.org\/{rel}","templated":true}]}}