{"id":4853,"date":"2023-02-24T01:49:51","date_gmt":"2023-02-24T01:49:51","guid":{"rendered":"http:\/\/lavereda.com.mx\/?p=4853"},"modified":"2023-02-24T01:49:54","modified_gmt":"2023-02-24T01:49:54","slug":"conoce-a-los-invitados-de-honor-de-la-edicion-51-del-festival-internacional-cervantino","status":"publish","type":"post","link":"https:\/\/lavereda.com.mx\/index.php\/2023\/02\/24\/conoce-a-los-invitados-de-honor-de-la-edicion-51-del-festival-internacional-cervantino\/","title":{"rendered":"Conoce a los invitados de honor de la edici\u00f3n 51 del Festival Internacional Cervantino"},"content":{"rendered":"\n<p>El Festival Internacional Cervantino (FIC) se reencontrar\u00e1 con las audiencias de todo el mundo en un intercambio cultural encabezado por Sonora y Estados Unidos de Am\u00e9rica, que ser\u00e1n el estado y pa\u00eds invitados de la edici\u00f3n 51 a realizarse del 13 al 29 de octubre del 2023.<\/p>\n\n\n\n<p>En un acto protocolario desde el Palacio de Bellas Artes, la secretaria de Cultura del Gobierno de M\u00e9xico, Alejandra Frausto Guerrero, afirm\u00f3 que entre M\u00e9xico y Estados Unidos se han construido puentes que, ahora con la cultura, se cruzan para mostrar la riqueza y diversidad cultural de ambas naciones.<\/p>\n\n\n\n<p>\u201cHist\u00f3ricamente, las miradas entre un pa\u00eds como Estados Unidos y las miradas de M\u00e9xico han estado cruzadas por much\u00edsimas historias, si lo vemos desde el aspecto cultural, encontramos culturas hermanas, culturas que trascienden a lo largo del desierto desde la zona norte de M\u00e9xico, a la zona sur de Estados Unidos. Son culturas que est\u00e1n divididas por una frontera, pero a trav\u00e9s de esta diversidad cultural y de este reconocimiento de lo que somos, que es lo que hace la vida cultural, nos podemos entender como dos pa\u00edses que construyen puentes a trav\u00e9s del arte, que construyen puentes creativos a trav\u00e9s de la cultura\u201d.<\/p>\n\n\n\n<p>La encargada de la pol\u00edtica cultural del pa\u00eds agradeci\u00f3 a los gobiernos de Sonora y de Estados Unidos por aceptar la invitaci\u00f3n a ser parte de la fiesta del esp\u00edritu, donde se podr\u00e1n apreciar \u201cla danza, la m\u00fasica, las artes visuales y el teatro. Todas las manifestaciones van a estar presentes con estos invitados de honor en este festival que no solamente llena teatros, sino que cada plaza, la escalinata de la universidad, los callejones, todos son escenarios inmejorables y no se diga la Alh\u00f3ndiga de granaditas\u201d.<\/p>\n\n\n\n<p>En su oportunidad, el embajador de Estados Unidos de Am\u00e9rica en M\u00e9xico, Ken Salazar, agreg\u00f3: \u201cEs un orgullo que hayan elegido a Estados Unidos como pa\u00eds invitado de honor entre un gran n\u00famero de pa\u00edses. El Festival Cervantino es una oportunidad para fortalecer el entendimiento entre nuestras naciones y celebrar su grandeza. Con orgullo trabajaremos con la Secretar\u00eda de Cultura de M\u00e9xico, los gobiernos de Guanajuato y Sonora, as\u00ed como con la Universidad de Guanajuato, para seguir uniendo a nuestros pueblos a trav\u00e9s de la cultura y los profundos lazos entre mexicanos y estadounidenses\u201d.<\/p>\n\n\n\n<p>El gobernador de Sonora, Alfonso Durazo Monta\u00f1o, mencion\u00f3: \u201cEs un honor para Sonora ser parte de la edici\u00f3n 51 de este hermoso festival que permite la expresi\u00f3n art\u00edstica y cultural de M\u00e9xico ante los ojos del mundo. Sonora es un estado con una gran tradici\u00f3n cultural, tenemos una cultura riqu\u00edsima de pueblos originarios: la etnia yaqui, los mayos, los seris, los guarij\u00edos, los p\u00e1pagos, los kikap\u00faes, \u00f3patas -espero no se me olvide ninguno-, tenemos una tradici\u00f3n culinaria muy importante, una historia que construyen instituciones en nuestro pa\u00eds, unas todav\u00eda vigentes; la cultura de la frontera, la cultura binacional y, por supuesto, la cultura del migrante\u201d.<\/p>\n\n\n\n<p>Por su parte, el gobernador de Guanajuato, entidad sede del FIC, Diego Sinhue Rodr\u00edguez Vallejo, dijo: \u201cSon 70 a\u00f1os de los Entremeses Cervantinos con el maestro Ruelas en la Plaza San Roque, y ahora viene la edici\u00f3n 51 del FIC, que para m\u00ed tiene algo muy especial, es el \u00faltimo FIC que nos toca vivir juntos. Ser\u00e1 un festival espectacular. No se pudo haber elegido mejores invitados que Sonora y Estados Unidos de Am\u00e9rica, que, si armamos este coctel con los 70 a\u00f1os de los Entremeses Cervantinos, el mejor festival del mundo. Bienvenidos a Guanajuato y que viva la fiesta del esp\u00edritu de Cervantes\u201d.<\/p>\n\n\n\n<p>A su vez, la directora general de Promoci\u00f3n y Festivales Culturales de la Secretar\u00eda de Cultura federal, Mariana Aymerich Ordo\u00f1ez, agreg\u00f3: \u201cMe encuentro muy entusiasmada por la gran oferta cultural que nos acompa\u00f1ar\u00e1 a Guanajuato durante octubre, ser\u00e1 un encuentro lleno de tradici\u00f3n y origen\u201d.<\/p>\n\n\n\n<p>La titular del Fondo Nacional de las Artes (National Endowment for the Arts), Maria Rosario Jackson, comparti\u00f3 su emoci\u00f3n porque Estados Unidos sea parte del FIC 51. \u00abNos entusiasma que el Fondo se une a la Embajada de Estados Unidos en M\u00e9xico en la celebraci\u00f3n del bicentenario de las relaciones diplom\u00e1ticas entre Estados Unidos y M\u00e9xico, a trav\u00e9s del Festival Cervantino en la bella ciudad de Guanajuato. Las artes ayudan a descubrir la profundidad y complejidad de nuestra conexi\u00f3n compartida, pasada, presente y futura. A trav\u00e9s de las artes, el festival Cervantino brillar\u00e1 una luz sobre nuestra experiencia como vecinos y nuestra b\u00fasqueda continua para resaltar nuestra humanidad compartida\u201d.<\/p>\n\n\n\n<p>La elecci\u00f3n del estado y pa\u00eds invitados es una tradici\u00f3n del FIC que surgi\u00f3 desde el 2001, con el objetivo de visibilizar la riqueza y diversidad art\u00edstica de la geograf\u00eda mundial.<\/p>\n\n\n\n<p>En 2023, el FIC ser\u00e1 una de las muestras culturales con las que se conmemoran los 200 a\u00f1os de la relaci\u00f3n diplom\u00e1tica entre M\u00e9xico y Estados Unidos. Un v\u00ednculo que promover\u00e1 la cultura y el folclor, resultado de las relaciones de amistad y solidaridad entre ambas naciones. Ser\u00e1 tambi\u00e9n una gran oportunidad en materia de cooperaci\u00f3n con los pueblos originarios: yaquis, mayos, guarij\u00edos, y seris; para promover la participaci\u00f3n social y comunitaria de estos pueblos originarios.<\/p>\n\n\n\n<p><strong>Se busca imagen para el FIC 51<\/strong><\/p>\n\n\n\n<p>Engalanado con una presentaci\u00f3n art\u00edstica del Semillero Ensamble de Marimbas, de Centla, una agrupaci\u00f3n, integrada por 9 j\u00f3venes de entre 9 y 17 a\u00f1os y dirigida por el maestro Andr\u00e9s Garabita, durante el acto protocolario se anunci\u00f3 la convocatoria para buscar la imagen para la edici\u00f3n 51 del Festival Internacional Cervantino, una invitaci\u00f3n a las y los estudiantes de las instituciones de educaci\u00f3n superior (universidades, institutos tecnol\u00f3gicos, centros de ense\u00f1anza e instituciones de investigaci\u00f3n) de Guanajuato a la convocatoria que estar\u00e1 vigente a partir del jueves 23 de febrero y hasta el 24 de marzo de 2023.<\/p>\n\n\n\n<p>Las bases completas de participaci\u00f3n se pueden consultar en: <a href=\"http:\/\/festivalcervantino.gob.mx\/\">festivalcervantino.gob.mx<\/a>, <a href=\"http:\/\/cultura.gob.mx\/convocatorias\">cultura.gob.mx\/convocatorias<\/a> y <a href=\"http:\/\/contigoenladistancia.cultura.gob.mx\/\">contigoenladistancia.cultura.gob.mx<\/a>. La imagen dictaminada como favorable se dar\u00e1 a conocer p\u00fablicamente a m\u00e1s tardar el 7 de abril de 2023 a trav\u00e9s de la p\u00e1gina oficial y redes sociales del FIC.<\/p>\n\n\n\n<p>Cabe recordar que Alemania, Argentina, Australia, Canad\u00e1, Colombia, Comunidad Aut\u00f3noma de Catalu\u00f1a, Chile, Colombia, Corea, Cuba, Dinamarca, Espa\u00f1a, Finlandia, Francia, India, Italia, Jap\u00f3n, Noruega, Per\u00fa, Quebec, Reino Unido, Rep\u00fablica Popular de China, Uruguay, Sud\u00e1frica, Suecia y Suiza son los pa\u00edses que han desfilado como invitados de honor por los escenarios del FIC.<\/p>\n\n\n\n<p>En tanto que, Aguascalientes, Baja California, Campeche, Chiapas, Chihuahua, Coahuila, Estado de M\u00e9xico, Guerrero, Jalisco, Michoac\u00e1n, Morelos, Nayarit, Nuevo Le\u00f3n, Puebla, Quer\u00e9taro, San Luis Potos\u00ed, Sinaloa, Tamaulipas, Veracruz, Yucat\u00e1n, Zacatecas y Ciudad de M\u00e9xico han sido las entidades invitadas de honor del festival durante los \u00faltimos 20 a\u00f1os<\/p>\n","protected":false},"excerpt":{"rendered":"<p>El Festival Internacional Cervantino (FIC) se reencontrar\u00e1 con las audiencias de todo el mundo en un intercambio cultural encabezado por Sonora y Estados Unidos de Am\u00e9rica, que ser\u00e1n el estado &hellip; <a href=\"https:\/\/lavereda.com.mx\/index.php\/2023\/02\/24\/conoce-a-los-invitados-de-honor-de-la-edicion-51-del-festival-internacional-cervantino\/\" class=\"more-link\">Leer m\u00e1s<\/a><\/p>\n","protected":false},"author":17,"featured_media":4855,"comment_status":"open","ping_status":"open","sticky":false,"template":"","format":"standard","meta":{"footnotes":""},"categories":[2,18],"tags":[],"class_list":["post-4853","post","type-post","status-publish","format-standard","has-post-thumbnail","hentry","category-artes-escenicas","category-lomasrelevante","entry"],"_links":{"self":[{"href":"https:\/\/lavereda.com.mx\/index.php\/wp-json\/wp\/v2\/posts\/4853","targetHints":{"allow":["GET"]}}],"collection":[{"href":"https:\/\/lavereda.com.mx\/index.php\/wp-json\/wp\/v2\/posts"}],"about":[{"href":"https:\/\/lavereda.com.mx\/index.php\/wp-json\/wp\/v2\/types\/post"}],"author":[{"embeddable":true,"href":"https:\/\/lavereda.com.mx\/index.php\/wp-json\/wp\/v2\/users\/17"}],"replies":[{"embeddable":true,"href":"https:\/\/lavereda.com.mx\/index.php\/wp-json\/wp\/v2\/comments?post=4853"}],"version-history":[{"count":1,"href":"https:\/\/lavereda.com.mx\/index.php\/wp-json\/wp\/v2\/posts\/4853\/revisions"}],"predecessor-version":[{"id":4856,"href":"https:\/\/lavereda.com.mx\/index.php\/wp-json\/wp\/v2\/posts\/4853\/revisions\/4856"}],"wp:featuredmedia":[{"embeddable":true,"href":"https:\/\/lavereda.com.mx\/index.php\/wp-json\/wp\/v2\/media\/4855"}],"wp:attachment":[{"href":"https:\/\/lavereda.com.mx\/index.php\/wp-json\/wp\/v2\/media?parent=4853"}],"wp:term":[{"taxonomy":"category","embeddable":true,"href":"https:\/\/lavereda.com.mx\/index.php\/wp-json\/wp\/v2\/categories?post=4853"},{"taxonomy":"post_tag","embeddable":true,"href":"https:\/\/lavereda.com.mx\/index.php\/wp-json\/wp\/v2\/tags?post=4853"}],"curies":[{"name":"wp","href":"https:\/\/api.w.org\/{rel}","templated":true}]}}