{"id":4845,"date":"2023-02-23T02:10:49","date_gmt":"2023-02-23T02:10:49","guid":{"rendered":"http:\/\/lavereda.com.mx\/?p=4845"},"modified":"2023-02-23T02:11:18","modified_gmt":"2023-02-23T02:11:18","slug":"el-violinista-isael-estevane-interpretara-el-concierto-no-5-de-mozart","status":"publish","type":"post","link":"https:\/\/lavereda.com.mx\/index.php\/2023\/02\/23\/el-violinista-isael-estevane-interpretara-el-concierto-no-5-de-mozart\/","title":{"rendered":"El violinista Ismael Estevan\u00e9 interpretar\u00e1 el Concierto No. 5 de Mozart con la Camerata"},"content":{"rendered":"\n<p>El talentoso violinista Ismael Estevan\u00e9 protagonizar\u00e1 el siguiente concierto de Camerata de Coahuila, en donde interpretar\u00e1 como solista el Concierto para viol\u00edn no.5 de Mozart. El concertino de la orquesta fue seleccionado para representar a M\u00e9xico como miembro de la Orquesta Internacional Collegium-Musicum realizada en el Castillo Weissenstein Pommersfelden, Alemania en el 2022.<\/p>\n\n\n\n<p>El cuarto concierto de temporada contar\u00e1 con la direcci\u00f3n del maestro Ram\u00f3n Shade este viernes 24 de febrero, en punto de las 20:30 horas en el Teatro Isauro Mart\u00ednez. El programa se integrar\u00e1 tambi\u00e9n por la&nbsp;Obertura a \u201cEl Rapto en el Serrallo\u201d, KV.384 y  de la ic\u00f3nica Sinfon\u00eda No. 40 en sol menor, KV.550, de Mozart considerado el maestro del Clasicismo, y uno de los m\u00fasicos m\u00e1s influyentes y destacados de la historia.<\/p>\n\n\n\n<p>El Concierto para viol\u00edn no.5 en La Mayor, KV.219&nbsp;(llamado el \u201cConcierto turco\u201d),&nbsp;Mozart logr\u00f3 crear algo muy similar al concierto solista del siglo XIX. Aunque la pieza en s\u00ed misma est\u00e1 claramente dentro de los l\u00edmites de la tradici\u00f3n del concierto de c\u00e1mara cl\u00e1sico, su escala y el grado de dificultad t\u00e9cnica son s\u00edntomas que marcaron la historia del viol\u00edn. Muchas piezas con igual o mayor dificultad ya se hab\u00edan escrito cuando lleg\u00f3 el Concierto no. 5, pero ninguna de ellas sobrevivi\u00f3 el paso del tiempo, el no.5 de Mozart puede ser el concierto para viol\u00edn m\u00e1s ejecutado de la historia.<\/p>\n\n\n\n<p>La sinfon\u00eda No. 40 en sol menor, KV.550 es sin duda, la m\u00e1s reconocida de Mozart. Tiene un car\u00e1cter profundamente emocional, fiel reflejo del drama personal por el que pasaba en ese momento. Su estructura tiene cuatro movimientos, cada uno con un car\u00e1cter y un&nbsp;<em>tempo&nbsp;<\/em>diferentes. Mozart escribi\u00f3 sus tres \u00faltimas sinfon\u00edas (nos. 39, 40 y 41) durante el verano de 1788, un momento extraordinariamente creativo en la vida el compositor.<\/p>\n\n\n\n<figure class=\"wp-block-image size-large is-resized\"><img fetchpriority=\"high\" decoding=\"async\" src=\"https:\/\/lavereda.com.mx\/wp-content\/uploads\/2023\/02\/WhatsApp-Image-2023-02-22-at-10.33.45-AM-683x1024.jpeg\" alt=\"\" class=\"wp-image-4847\" width=\"313\" height=\"469\" srcset=\"https:\/\/lavereda.com.mx\/wp-content\/uploads\/2023\/02\/WhatsApp-Image-2023-02-22-at-10.33.45-AM-683x1024.jpeg 683w, https:\/\/lavereda.com.mx\/wp-content\/uploads\/2023\/02\/WhatsApp-Image-2023-02-22-at-10.33.45-AM-200x300.jpeg 200w, https:\/\/lavereda.com.mx\/wp-content\/uploads\/2023\/02\/WhatsApp-Image-2023-02-22-at-10.33.45-AM-768x1152.jpeg 768w, https:\/\/lavereda.com.mx\/wp-content\/uploads\/2023\/02\/WhatsApp-Image-2023-02-22-at-10.33.45-AM.jpeg 1000w\" sizes=\"(max-width: 313px) 100vw, 313px\" \/><\/figure>\n\n\n\n<p>El violinista Ismael Isauro Estevan\u00e9 Rasc\u00f3n es originario de la ciudad de Chihuahua, Chih. A la edad de 12 a\u00f1os inici\u00f3 sus estudios de viol\u00edn en el Centro de Estudios Musicales (CEM) y en el Conservatorio de Chihuahua. En el a\u00f1o 2007 ingres\u00f3 al Conservatorio de las Rosas, para estudiar con la Maestra Gellya Dubrova, convirti\u00e9ndose en uno de los alumnos m\u00e1s destacados de esta instituci\u00f3n.<\/p>\n\n\n\n<p>En agosto de 2011 gan\u00f3 el Premio Estatal de la Juventud en la categor\u00eda de expresi\u00f3n art\u00edstica que otorga el Instituto Chihuahuense de la Juventud y en el&nbsp;mismo a\u00f1o obtuvo la Beca de apoyo a la creaci\u00f3n art\u00edstica \u201cDavid Alfaro Siqueiros\u201d&nbsp;otorgada por el Instituto Chihuahuense de la Cultura.<\/p>\n\n\n\n<p>Se ha presentado como solista con la Orquesta del Conservatorio de las Rosas, La Orquesta Sinf\u00f3nica de Michoac\u00e1n, la Orquesta Sinf\u00f3nica de San Luis Potos\u00ed, la Orquesta Escuela Carlos Ch\u00e1vez, la Orquesta de C\u00e1mara de la Universidad de Michoac\u00e1n, la Orquesta Filarm\u00f3nica de Quer\u00e9taro, la Orquesta Filarm\u00f3nica del Estado de Chihuahua y la Yakima Symphony Orchesta de Washington, Estados Unidos, Academia de M\u00fasica Antigua de Zacatecas, entre otras.<\/p>\n\n\n\n<p>Como miembro de ensambles de C\u00e1mara y Orquesta, ha viajado por todos los estados de la rep\u00fablica mexicana. Adem\u00e1s, ha ocupado el puesto de Concertino&nbsp;en diversas orquestas como la \u201cConsortium Musicum\u201d, la Orquesta \u201cSonorus\u201d y la&nbsp;Orquesta del Conservatorio de las Rosas.<\/p>\n\n\n\n<p>En Abril del 2013 gan\u00f3 el puesto de Concertino de la OSENM-UNAM para tocar en la inauguraci\u00f3n del YOUNG EURO CLASSIC en la gran Konzerthaus en Berl\u00edn, Alemania.<\/p>\n\n\n\n<p>Forma parte del ensamble Quinto Movimiento desde 2019. En Junio del 2022 fue seleccionado para representar a M\u00e9xico como miembro de la Orquesta Internacional Collegium-Musicum realizada en el Castillo Weissenstein Pommersfelden, Alemania, campamento internacional que re\u00fane a diversos j\u00f3venes de m\u00e1s de 20 pa\u00edses.<\/p>\n\n\n\n<p>Desde el mes de Septiembre del 2014 se ha desempe\u00f1ado como miembro de la Camerata de Coahuila ocupando el puesto de concertino.<\/p>\n\n\n\n<p><\/p>\n","protected":false},"excerpt":{"rendered":"<p>El talentoso violinista Ismael Estevan\u00e9 protagonizar\u00e1 el siguiente concierto de Camerata de Coahuila, en donde interpretar\u00e1 como solista el Concierto para viol\u00edn no.5 de Mozart. El concertino de la orquesta &hellip; <a href=\"https:\/\/lavereda.com.mx\/index.php\/2023\/02\/23\/el-violinista-isael-estevane-interpretara-el-concierto-no-5-de-mozart\/\" class=\"more-link\">Leer m\u00e1s<\/a><\/p>\n","protected":false},"author":1,"featured_media":4846,"comment_status":"open","ping_status":"open","sticky":false,"template":"","format":"standard","meta":{"footnotes":""},"categories":[18,4],"tags":[],"class_list":["post-4845","post","type-post","status-publish","format-standard","has-post-thumbnail","hentry","category-lomasrelevante","category-musica","entry"],"_links":{"self":[{"href":"https:\/\/lavereda.com.mx\/index.php\/wp-json\/wp\/v2\/posts\/4845","targetHints":{"allow":["GET"]}}],"collection":[{"href":"https:\/\/lavereda.com.mx\/index.php\/wp-json\/wp\/v2\/posts"}],"about":[{"href":"https:\/\/lavereda.com.mx\/index.php\/wp-json\/wp\/v2\/types\/post"}],"author":[{"embeddable":true,"href":"https:\/\/lavereda.com.mx\/index.php\/wp-json\/wp\/v2\/users\/1"}],"replies":[{"embeddable":true,"href":"https:\/\/lavereda.com.mx\/index.php\/wp-json\/wp\/v2\/comments?post=4845"}],"version-history":[{"count":2,"href":"https:\/\/lavereda.com.mx\/index.php\/wp-json\/wp\/v2\/posts\/4845\/revisions"}],"predecessor-version":[{"id":4849,"href":"https:\/\/lavereda.com.mx\/index.php\/wp-json\/wp\/v2\/posts\/4845\/revisions\/4849"}],"wp:featuredmedia":[{"embeddable":true,"href":"https:\/\/lavereda.com.mx\/index.php\/wp-json\/wp\/v2\/media\/4846"}],"wp:attachment":[{"href":"https:\/\/lavereda.com.mx\/index.php\/wp-json\/wp\/v2\/media?parent=4845"}],"wp:term":[{"taxonomy":"category","embeddable":true,"href":"https:\/\/lavereda.com.mx\/index.php\/wp-json\/wp\/v2\/categories?post=4845"},{"taxonomy":"post_tag","embeddable":true,"href":"https:\/\/lavereda.com.mx\/index.php\/wp-json\/wp\/v2\/tags?post=4845"}],"curies":[{"name":"wp","href":"https:\/\/api.w.org\/{rel}","templated":true}]}}