{"id":4842,"date":"2023-02-23T01:59:23","date_gmt":"2023-02-23T01:59:23","guid":{"rendered":"http:\/\/lavereda.com.mx\/?p=4842"},"modified":"2023-02-23T14:11:30","modified_gmt":"2023-02-23T14:11:30","slug":"a-la-hora-del-cafe-9","status":"publish","type":"post","link":"https:\/\/lavereda.com.mx\/index.php\/2023\/02\/23\/a-la-hora-del-cafe-9\/","title":{"rendered":"A la hora del Caf\u00e9"},"content":{"rendered":"\n<h2 class=\"wp-block-heading\">El tiempo que me abruma<\/h2>\n\n\n\n<p>Las \u00faltimas semanas, los dos \u00faltimos meses, quiz\u00e1s el \u00faltimo a\u00f1o de mi vida o desde que llegu\u00e9 a los 40, el paso del tiempo es algo que me abruma, en ocasiones me llena de nostalgia o me sorprende con extra\u00f1os recuerdos. Me da miedo, risa, me alerta sobre hacia d\u00f3nde debo dirigir mis esfuerzos\u2026 \u00bfToda la vida debo seguir preocup\u00e1ndome por conseguir un mejor empleo? \u00bfCu\u00e1ndo empezar\u00e9 a disfrutar de verdad lo que hago o lo que me gustar\u00eda hacer?<\/p>\n\n\n\n<p>Tal vez porque parte de mi generaci\u00f3n no se deja vencer al atravesar m\u00e1s d\u00e9cadas de edad, porque hay bastantes mujeres que trabajan, se levantan a la misma hora, conducen grandes distancias, hacen ejercicio y hasta beben cerveza como si tuvieran 20 a\u00f1os, mi actividad y la de muchas de ellas nos lleva a estar rodeadas en un mismo \u00e1mbito de mujeres m\u00e1s j\u00f3venes.<\/p>\n\n\n\n<p>En el aula donde doy clases en la universidad, en el gimnasio o en el trabajo siempre hay una o varias mujeres no s\u00f3lo de a\u00f1os sino de d\u00e9cadas menores con las que debo convivir, trabajar, ense\u00f1ar y aprender de ellas. Con el paso de los d\u00edas, disfruto ver a las j\u00f3venes de 19 o 20 a\u00f1os, llegando al l\u00edmite de tiempo a la primera clase de la universidad, pensando que su rendimiento no obstante que est\u00e9n desveladas, va a ser mejor que el m\u00edo.<\/p>\n\n\n\n<p>Disfruto convivir en el trabajo con las de una d\u00e9cada menor, que se acaban de casar, que est\u00e1n apenas, descubriendo que la cocina es divertida mientras los dos se involucran en ella, pero que despu\u00e9s se convierte en un volc\u00e1n de trastes por lavar, mientras los hijos te llaman y no de dejan de nombrarte para lo urgente o para lo m\u00e1s insulso.<\/p>\n\n\n\n<p>Me gustar\u00eda saber qu\u00e9 planean ellas de su vida, las de 18, las de 20 o las de 35. Me gustar\u00eda saber si aprovechan el tiempo, su libertad, el no cargar con el peso de: vas a engordar cada vez que comas eso, o si no tomas ese empleo, aunque es extenuante y con poca paga, no vas a forjar nunca una carrera. Si no te embarazas ya, lo vas a lamentar.<\/p>\n\n\n\n<p>Me gustar\u00eda decirles que, no obstante, el tiempo corre r\u00e1pido. Y que si planean el viaje de su vida no lo aplacen m\u00e1s. Y si quieren empezar de nuevo, con otros estudios, otra carrera, otra pareja, otro trabajo, no se detengan por cumplir con una convenci\u00f3n social.<\/p>\n\n\n\n<p>Otra raz\u00f3n por la que el tiempo me golpea en la cara es el crecimiento de mi hijo, que ha llegado a la adolescencia. Porque sus gustos musicales, algunas de sus pel\u00edculas favoritas, empiezan a asomarse a los m\u00edos. Ese impresionante cruce de rasgos culturales entre padres e hijos, que existe quiz\u00e1s s\u00f3lo por unos a\u00f1os, es un puente que uno desear\u00eda no tuviera final.<\/p>\n\n\n\n<p>La verdad de todo, es que este a\u00f1o en que llego a mis 45, probablemente si bien me va a la mitad de una vida, me doy cuenta que no tengo tiempo que perder para aprender a disfrutar un lunes o un mi\u00e9rcoles, no importa que el estr\u00e9s siga presente y grabado en las ojeras. No importa que tenga que salir de casa a las 6:40 am y que el tiempo no me rinda nunca cada d\u00eda. Porque tal vez el tiempo es ese instante que, a\u00fan con el tr\u00e1nsito al trabajo, las vueltas por los hijos, la limpieza de la cocina, te abre los ojos para ver un poco m\u00e1s de cerca tu vida.<\/p>\n\n\n\n<p><em>Twitter @Lavargasadri<\/em><\/p>\n\n\n\n<p><\/p>\n\n\n\n<p><\/p>\n","protected":false},"excerpt":{"rendered":"<p>El tiempo que me abruma Las \u00faltimas semanas, los dos \u00faltimos meses, quiz\u00e1s el \u00faltimo a\u00f1o de mi vida o desde que llegu\u00e9 a los 40, el paso del tiempo &hellip; <a href=\"https:\/\/lavereda.com.mx\/index.php\/2023\/02\/23\/a-la-hora-del-cafe-9\/\" class=\"more-link\">Leer m\u00e1s<\/a><\/p>\n","protected":false},"author":9,"featured_media":4843,"comment_status":"open","ping_status":"open","sticky":false,"template":"","format":"standard","meta":{"footnotes":""},"categories":[18,9],"tags":[],"class_list":["post-4842","post","type-post","status-publish","format-standard","has-post-thumbnail","hentry","category-lomasrelevante","category-opinion","entry"],"_links":{"self":[{"href":"https:\/\/lavereda.com.mx\/index.php\/wp-json\/wp\/v2\/posts\/4842","targetHints":{"allow":["GET"]}}],"collection":[{"href":"https:\/\/lavereda.com.mx\/index.php\/wp-json\/wp\/v2\/posts"}],"about":[{"href":"https:\/\/lavereda.com.mx\/index.php\/wp-json\/wp\/v2\/types\/post"}],"author":[{"embeddable":true,"href":"https:\/\/lavereda.com.mx\/index.php\/wp-json\/wp\/v2\/users\/9"}],"replies":[{"embeddable":true,"href":"https:\/\/lavereda.com.mx\/index.php\/wp-json\/wp\/v2\/comments?post=4842"}],"version-history":[{"count":2,"href":"https:\/\/lavereda.com.mx\/index.php\/wp-json\/wp\/v2\/posts\/4842\/revisions"}],"predecessor-version":[{"id":4851,"href":"https:\/\/lavereda.com.mx\/index.php\/wp-json\/wp\/v2\/posts\/4842\/revisions\/4851"}],"wp:featuredmedia":[{"embeddable":true,"href":"https:\/\/lavereda.com.mx\/index.php\/wp-json\/wp\/v2\/media\/4843"}],"wp:attachment":[{"href":"https:\/\/lavereda.com.mx\/index.php\/wp-json\/wp\/v2\/media?parent=4842"}],"wp:term":[{"taxonomy":"category","embeddable":true,"href":"https:\/\/lavereda.com.mx\/index.php\/wp-json\/wp\/v2\/categories?post=4842"},{"taxonomy":"post_tag","embeddable":true,"href":"https:\/\/lavereda.com.mx\/index.php\/wp-json\/wp\/v2\/tags?post=4842"}],"curies":[{"name":"wp","href":"https:\/\/api.w.org\/{rel}","templated":true}]}}