{"id":4829,"date":"2023-02-20T18:29:54","date_gmt":"2023-02-20T18:29:54","guid":{"rendered":"http:\/\/lavereda.com.mx\/?p=4829"},"modified":"2023-02-20T18:30:28","modified_gmt":"2023-02-20T18:30:28","slug":"presentan-el-libro-gilberto-prado-galan-exhumacion-de-su-imagen","status":"publish","type":"post","link":"https:\/\/lavereda.com.mx\/index.php\/2023\/02\/20\/presentan-el-libro-gilberto-prado-galan-exhumacion-de-su-imagen\/","title":{"rendered":"Presentan el libro \u00abGilberto Prado Gal\u00e1n: exhumaci\u00f3n de su imagen\u00bb"},"content":{"rendered":"\n<p>El libro <em>Gilberto Prado Gal\u00e1n: exhumaci\u00f3n de su imagen<\/em>, del escritor Jaime Mu\u00f1oz Vargas, ser\u00e1 presentado este martes 21 de febrero a las 19:00 horas en la Galer\u00eda de Arte Contempor\u00e1neo del Teatro Isauro Mart\u00ednez. Los comentarios ser\u00e1n expuestos por Arcelia Ayup Silveti, Sa\u00fal Rosales y el autor.<\/p>\n\n\n\n<p>La publicaci\u00f3n se presenta como un homenaje al autor, ensayista y gran palindromista fallecido el pasado mes de octubre de 2022.<\/p>\n\n\n\n<p>\u201cGracias a la supervivencia de lo que he escrito sobre Gilberto puedo ofrecer hoy estas p\u00e1ginas, racimo de 17 textos que cubre un arco de 25 a\u00f1os. Apenas debo se\u00f1alar que, dadas las circunstancias que les dieron origen, estos p\u00e1rrafos son bocetos, puntos de partida para m\u00e1s y mejores acercamientos a la obra de nuestro llorado poeta y ensayista\u201d, se\u00f1ala Mu\u00f1oz Vargas en su pr\u00f3logo.<\/p>\n\n\n\n<p>Jaime Mu\u00f1oz naci\u00f3 en<strong>&nbsp;<\/strong>G\u00f3mez Palacio, Durango, 1964, y es escritor y maestro. Ha publicado m\u00e1s de veinte libros, entre otros, las novelas&nbsp;<em>Juegos de amor y malquerencia<\/em>&nbsp;y&nbsp;<em>Par\u00e1bola del moribundo<\/em>; los libros de cuentos&nbsp;<em>Las manos del tah\u00far,<\/em><em>Ojos en la sombra<\/em>&nbsp;y<em>&nbsp;Grava suelta<\/em>; y los libros de periodismo&nbsp;<em>Tientos y mediciones&nbsp;<\/em>y<em>&nbsp;Entre las teclas<\/em>. Ha ganado los premios nacionales de novela Jorge Ibarg\u00fcengoitia y de cuento de San Luis. Textos suyos han aparecido en publicaciones de M\u00e9xico, Argentina, Chile, Colombia y Espa\u00f1a. Actualmente es coordinador editorial y maestro de la Ibero Torre\u00f3n y columnista del diario&nbsp;<em>Milenio Laguna<\/em>.<\/p>\n\n\n\n<p>En cuanto a Arcelia Ayup Silveti, es comunic\u00f3loga. Estudi\u00f3 la Maestr\u00eda en Literatura y Creaci\u00f3n Literaria en Casa Lamm de la Cuidad de M\u00e9xico y el Diplomado en Correcci\u00f3n de Textos en la misma instituci\u00f3n educativa. Ha publicado seis libros de diferentes g\u00e9neros, coautora de un par de obras y compiladora de una. Es promotora cultural independiente. Escribe la columna cultural \u201cDe ra\u00edces y horizontes\u201d&nbsp;en<em>&nbsp;Milenio Laguna.&nbsp;<\/em>Ha sido catedr\u00e1tica en la Universidad Aut\u00f3noma de Coahuila y en la Universidad Iberoamericana. Actualmente es jefa de Difusi\u00f3n Cultural de la Unidad Torre\u00f3n de la UAdeC.<\/p>\n\n\n\n<p>Por \u00faltimo, Sa\u00fal Rosales naci\u00f3 en Torre\u00f3n, Coahuila, en 1940. Es Miembro Correspondiente de la Academia Mexicana de la Lengua. Su libro de cuentos&nbsp;<em>Autorretrato con Rulfo<\/em>&nbsp;fue seleccionado para la colecci\u00f3n \u201cLiteratura Mexicana Contempor\u00e1nea \u00bfYa Le\u00edssste?\u201d Se le concedi\u00f3 el reconocimiento de Creador Em\u00e9rito de Coahuila en 1999; se le otorg\u00f3 el de Ciudadano Distinguido de Torre\u00f3n en 1990 y 2004 y la medalla al M\u00e9rito Universitario \u201cMiguel Ramos Arizpe\u201d, de la Universidad Aut\u00f3noma de Coahuila. En 2019 el Proyecto Cultural Revueltas le otorg\u00f3 la medalla Jos\u00e9 Revueltas. Ha publicado una veintena de libros.<\/p>\n\n\n\n<p>Entrada libre.&nbsp;&nbsp;<\/p>\n","protected":false},"excerpt":{"rendered":"<p>El libro Gilberto Prado Gal\u00e1n: exhumaci\u00f3n de su imagen, del escritor Jaime Mu\u00f1oz Vargas, ser\u00e1 presentado este martes 21 de febrero a las 19:00 horas en la Galer\u00eda de Arte &hellip; <a href=\"https:\/\/lavereda.com.mx\/index.php\/2023\/02\/20\/presentan-el-libro-gilberto-prado-galan-exhumacion-de-su-imagen\/\" class=\"more-link\">Leer m\u00e1s<\/a><\/p>\n","protected":false},"author":1,"featured_media":4830,"comment_status":"open","ping_status":"open","sticky":false,"template":"","format":"standard","meta":{"footnotes":""},"categories":[5,18],"tags":[32],"class_list":["post-4829","post","type-post","status-publish","format-standard","has-post-thumbnail","hentry","category-letras-y-libros","category-lomasrelevante","tag-literatura","entry"],"_links":{"self":[{"href":"https:\/\/lavereda.com.mx\/index.php\/wp-json\/wp\/v2\/posts\/4829","targetHints":{"allow":["GET"]}}],"collection":[{"href":"https:\/\/lavereda.com.mx\/index.php\/wp-json\/wp\/v2\/posts"}],"about":[{"href":"https:\/\/lavereda.com.mx\/index.php\/wp-json\/wp\/v2\/types\/post"}],"author":[{"embeddable":true,"href":"https:\/\/lavereda.com.mx\/index.php\/wp-json\/wp\/v2\/users\/1"}],"replies":[{"embeddable":true,"href":"https:\/\/lavereda.com.mx\/index.php\/wp-json\/wp\/v2\/comments?post=4829"}],"version-history":[{"count":2,"href":"https:\/\/lavereda.com.mx\/index.php\/wp-json\/wp\/v2\/posts\/4829\/revisions"}],"predecessor-version":[{"id":4832,"href":"https:\/\/lavereda.com.mx\/index.php\/wp-json\/wp\/v2\/posts\/4829\/revisions\/4832"}],"wp:featuredmedia":[{"embeddable":true,"href":"https:\/\/lavereda.com.mx\/index.php\/wp-json\/wp\/v2\/media\/4830"}],"wp:attachment":[{"href":"https:\/\/lavereda.com.mx\/index.php\/wp-json\/wp\/v2\/media?parent=4829"}],"wp:term":[{"taxonomy":"category","embeddable":true,"href":"https:\/\/lavereda.com.mx\/index.php\/wp-json\/wp\/v2\/categories?post=4829"},{"taxonomy":"post_tag","embeddable":true,"href":"https:\/\/lavereda.com.mx\/index.php\/wp-json\/wp\/v2\/tags?post=4829"}],"curies":[{"name":"wp","href":"https:\/\/api.w.org\/{rel}","templated":true}]}}