{"id":482,"date":"2020-08-21T15:32:56","date_gmt":"2020-08-21T15:32:56","guid":{"rendered":"http:\/\/lavereda.com.mx\/?p=482"},"modified":"2022-08-07T20:02:47","modified_gmt":"2022-08-07T20:02:47","slug":"la-danza-en-mexico-en-un-llamado-de-auxilio","status":"publish","type":"post","link":"https:\/\/lavereda.com.mx\/index.php\/2020\/08\/21\/la-danza-en-mexico-en-un-llamado-de-auxilio\/","title":{"rendered":"La danza en M\u00e9xico: en un llamado de auxilio"},"content":{"rendered":"\n<p>\u00abSi un pa\u00eds no privilegia el arte; no somos nada. Tendr\u00edamos que quemar los libros, cerrar los teatros. El arte es alimento esencial para el esp\u00edritu. La vida no tiene ning\u00fan sentido si la poes\u00eda no est\u00e1 presente\u00bb, expres\u00f3 Rolando Beattie, creador esc\u00e9nico y bailar\u00edn de danza contempor\u00e1nea.<\/p>\n\n\n\n<p>En rueda de prensa el grupo denominado \u201cDanza di\u00e1logo y acci\u00f3n en M\u00e9xico\u201d, conformado por artistas del medio danc\u00edstico nacional; hizo un llamado urgente a las instituciones culturales del pa\u00eds para contribuir con un plan de rescate para la actividad danc\u00edstica, que como las dem\u00e1s artes esc\u00e9nicas, se ha visto duramente afectada durante la pandemia del coronavirus.<\/p>\n\n\n\n<p>Este grupo se define como \u201cuna comunidad aut\u00f3noma, incluyente, diversa y propositiva de artistas, docentes, productores y gestores de la danza en M\u00e9xico. Nos conformamos en torno a una organizaci\u00f3n inter generacional, horizontal y transversal, para promover condiciones laborales dignas y seguras en el sector de la danza\u201d.<\/p>\n\n\n\n<p>Creadores como Claudia Lavista, Alicia S\u00e1nchez, Ruby G\u00e1mez, Henry Torres Blanco; entre otros, entablaron ayer un di\u00e1logo con medios de comunicaci\u00f3n en la plataforma zoom para externar el \u201cestado de emergencia\u201d en el que se encuentra la danza en M\u00e9xico: sin posibilidades de generar recursos, sin espacios para ensayar, sin presentaciones en p\u00fablico.<\/p>\n\n\n\n<p>expres\u00f3 Rolando Beattie.<\/p>\n\n\n\n<blockquote class=\"wp-block-quote is-layout-flow wp-block-quote-is-layout-flow\"><p>Afirmaron que no es exagerado decir que la actividad danc\u00edstica est\u00e1 en peligro, pues hay actores \u201cque no tienen para comer\u201d. Y porque adem\u00e1s: \u201csostener una compa\u00f1\u00eda profesional de danza requiere de un presupuesto, muy pocas compa\u00f1\u00edas tenemos apoyos y son eventuales. Se requiere mas de un mill\u00f3n y medio de pesos, se requiere de mucha inversi\u00f3n cuando trabajas en algo y no obtienes remuneraci\u00f3n, entonces\u00a0 dejas de hacerlo\u201d,<\/p><\/blockquote>\n\n\n\n<p>Estos artistas buscan que \u201cque se visualice la danza contempor\u00e1nea\u201d, ya que dentro del medio esc\u00e9nico es una de las disciplinas m\u00e1s ignoradas. \u201cQueremos que escuchen a los que estamos viviendo este naufragio y esta realidad, tenemos propuestas, esperamos la respuesta para trabajar de manera coordinada\u201d, se\u00f1alaron.<\/p>\n\n\n\n<blockquote class=\"wp-block-quote is-layout-flow wp-block-quote-is-layout-flow\"><p>\u201cTienes que llevar comida a tu casa. Entonces dedicarte a la danza deja de ser un hecho amoroso, empieza a ser un proyecto imposible, est\u00e1s obligado a pagar, a mantenerte y mantener a otros. Como en cualquier otra profesi\u00f3n, estamos en riesgo\u201d; resalt\u00f3.<\/p><\/blockquote>\n\n\n\n<p>Las condiciones para producir arte en medio de la pandemia, explicaron, son muy dif\u00edciles:<\/p>\n\n\n\n<p>\u201cNuestra disciplina es presencial y muy celosa. Dedicamos m\u00e1s de 8 horas al d\u00eda , todos los d\u00edas. Si eso no sucede el cuerpo empieza a deteriorarse, a perder sus habilidades, ante la incapacidad de entrenarnos de manera formal de recibir remuneraci\u00f3n econ\u00f3mica. Esto es un llamado de auxilio\u201d.<\/p>\n\n\n\n<p>Ante la pregunta de si es posible contar con apoyo de la Iniciativa Privada para el medio de la danza, recordaron que existe el proyecto de Efiartes. Pero \u201choy en d\u00eda es dif\u00edcil conseguir la participaci\u00f3n de empresas que pudieran dedicar sus impuestos a la contribuci\u00f3n de proyectos art\u00edsticos, en \u00e9pocas de contingencia&nbsp; va a ser muy dif\u00edcil, muchas empresas estar\u00e1n en n\u00fameros rojos\u201d.<\/p>\n\n\n\n<p>En concreto, estos artistas proponen plan de rescate para la danza, en el que que las instituciones puedan generar desde la reflexi\u00f3n con la comunidad, un proyecto que obedezca a las necesidades verdaderas, en t\u00e9rminos de aceptar que 2020 y 2021 ser\u00e1n econ\u00f3micamente dif\u00edciles<\/p>\n\n\n\n<p>\u201cQue se genere una bolsa directa, para proyectos de operaci\u00f3n de espacios esc\u00e9nicos. No estamos negados a establecer v\u00ednculos con la iniciativa privada\u201d.<\/p>\n\n\n\n<p>Reiteraron que \u201cnuestro objetivo fundamental es generar di\u00e1logo con las comunidades danc\u00edsticas y las instituciones, necesitamos mayor capacidad de escucha de las instituciones, para sentirnos respaldados\u201d.<\/p>\n","protected":false},"excerpt":{"rendered":"<p>En rueda de prensa el grupo denominado \u201cDanza di\u00e1logo y acci\u00f3n en M\u00e9xico\u201d, conformado por artistas del medio danc\u00edstico nacional; hizo un llamado urgente a las instituciones culturales del pa\u00eds para contribuir con un plan de rescate para la actividad danc\u00edstica<\/p>\n","protected":false},"author":9,"featured_media":484,"comment_status":"open","ping_status":"open","sticky":false,"template":"","format":"standard","meta":{"footnotes":""},"categories":[2,18],"tags":[],"class_list":["post-482","post","type-post","status-publish","format-standard","has-post-thumbnail","hentry","category-artes-escenicas","category-lomasrelevante","entry"],"_links":{"self":[{"href":"https:\/\/lavereda.com.mx\/index.php\/wp-json\/wp\/v2\/posts\/482","targetHints":{"allow":["GET"]}}],"collection":[{"href":"https:\/\/lavereda.com.mx\/index.php\/wp-json\/wp\/v2\/posts"}],"about":[{"href":"https:\/\/lavereda.com.mx\/index.php\/wp-json\/wp\/v2\/types\/post"}],"author":[{"embeddable":true,"href":"https:\/\/lavereda.com.mx\/index.php\/wp-json\/wp\/v2\/users\/9"}],"replies":[{"embeddable":true,"href":"https:\/\/lavereda.com.mx\/index.php\/wp-json\/wp\/v2\/comments?post=482"}],"version-history":[{"count":5,"href":"https:\/\/lavereda.com.mx\/index.php\/wp-json\/wp\/v2\/posts\/482\/revisions"}],"predecessor-version":[{"id":4016,"href":"https:\/\/lavereda.com.mx\/index.php\/wp-json\/wp\/v2\/posts\/482\/revisions\/4016"}],"wp:featuredmedia":[{"embeddable":true,"href":"https:\/\/lavereda.com.mx\/index.php\/wp-json\/wp\/v2\/media\/484"}],"wp:attachment":[{"href":"https:\/\/lavereda.com.mx\/index.php\/wp-json\/wp\/v2\/media?parent=482"}],"wp:term":[{"taxonomy":"category","embeddable":true,"href":"https:\/\/lavereda.com.mx\/index.php\/wp-json\/wp\/v2\/categories?post=482"},{"taxonomy":"post_tag","embeddable":true,"href":"https:\/\/lavereda.com.mx\/index.php\/wp-json\/wp\/v2\/tags?post=482"}],"curies":[{"name":"wp","href":"https:\/\/api.w.org\/{rel}","templated":true}]}}