{"id":4813,"date":"2023-02-17T18:53:13","date_gmt":"2023-02-17T18:53:13","guid":{"rendered":"http:\/\/lavereda.com.mx\/?p=4813"},"modified":"2023-02-17T18:53:15","modified_gmt":"2023-02-17T18:53:15","slug":"regresa-la-puesta-en-escena-una-noche-en-el-continental","status":"publish","type":"post","link":"https:\/\/lavereda.com.mx\/index.php\/2023\/02\/17\/regresa-la-puesta-en-escena-una-noche-en-el-continental\/","title":{"rendered":"Regresa la puesta en escena \u00abUna noche en el Continental\u00bb"},"content":{"rendered":"\n<p>Este viernes 17 de febrero regresa a la locaci\u00f3n del\u00a0\u00a0Hotel R\u00edo Nazas \u201cUna noche en el Continental\u201d, comedia rom\u00e1ntica inspirada\u00a0\u00a0a los hist\u00f3ricos murales de Alberto Ruiz Vela, mismos que reflejan\u00a0\u00a0estampas en el tiempo de momentos significativos de la historia de la ciudad as\u00ed como de sus costumbres. Las funciones son a las 20:00 y 21:00 horas.<\/p>\n\n\n\n<p>En \u201cUna noche en el Continental\u201d los valores convencionales de la \u00e9poca son subvertidos, para que \u201cElena\u201d y Alejandro\u201d puedan entrar al juego de Yalta, mismo que consiste en buscar que la vida sea m\u00e1s intensa y m\u00e1s llena de luz que el gris apagado de la cotidianidad, una de las premisas que son caracter\u00edsticas del autor original y un exponente reconocido en la historia del teatro, Ant\u00f3n Ch\u00e9jov. Se trata de una comedia rom\u00e1ntica que busca revivir una de las \u00e9pocas doradas de Torre\u00f3n y contar una ef\u00edmera y apasionante historia de amor.<\/p>\n\n\n\n<p>Los laguneros que se den cita en el Caf\u00e9 Continental ser\u00e1n testigos de c\u00f3mo este amor rescata lugares en la memoria de los laguneros como el puente de Ojuela, la avenida Morelos y la plaza de Armas, esta historia se convierte en una carta de amor a Torre\u00f3n, ciudad joven que conserva algunas joyas arquitect\u00f3nicas, en especial en el primer cuadro de la ciudad, tal es el caso del Hotel R\u00edo Nazas, que a\u00fan guarda el brillo del esplendor de la \u00e9poca en la que fue inaugurado, es decir, en la d\u00e9cada de los cincuenta.<\/p>\n\n\n\n<p>Dicho esplendor es el que llev\u00f3 a Enrique Esquivel, director y adaptador de esta historia, a buscar convertirlo en un foro en donde pueda desarrollarse \u201cUna noche en el Continental\u201d, situada en la d\u00e9cada de inauguraci\u00f3n del hotel y que narra la breve pero intensa historia entre una Elena Garro imaginaria y Alejandro G\u00f3mez, un joven torreonense asiduo al Caf\u00e9 Continental.<\/p>\n\n\n\n<p>Las entradas pueden ser adquiridas v\u00eda transferencia bancaria o directamente en taquilla. El mi\u00e9rcoles los boletos est\u00e1n en promoci\u00f3n de 2&#215;1.<\/p>\n\n\n\n<p>Adicionalmente para estas 3 funciones, el adoratorio teatral est\u00e1 ofreciendo un descuento en la estad\u00eda del Hotel, de manera que los asistentes a la funci\u00f3n puedan tambi\u00e9n pasar su propia noche en el Continental.<\/p>\n\n\n\n<p>\u00a0SINOPSIS:\u00a0Una noche en el caf\u00e9 Continental del Hotel R\u00edo Nazas, Elena, una escritora que visita Torre\u00f3n, conoce a Alejandro y juntos viven una aventura hasta que tienen que despedirse, \u00bfpara no verse jam\u00e1s?\u00a0<\/p>\n\n\n\n<p>EL DATO:<\/p>\n\n\n\n<ul class=\"wp-block-list\"><li>Dirigida a adolescentes y adultos.<\/li><li>Duraci\u00f3n: 45 minutos<\/li><li>Act\u00faan: Estefan\u00eda Marrufo y Javier D\u00edaz<\/li><li>Dirige: Enrique Esquivel<\/li><li>Maquillaje y peinado: Alessandra Sala de belleza<\/li><li>Fotograf\u00eda y video: Alfredo Becerra, Jos\u00e9 Luis Rivera y Lili Wong<\/li><li>PRODUCCI\u00d3N: LOLA MAR &amp; D\u00edaz Insulation<\/li><\/ul>\n","protected":false},"excerpt":{"rendered":"<p>Este viernes 17 de febrero regresa a la locaci\u00f3n del\u00a0\u00a0Hotel R\u00edo Nazas \u201cUna noche en el Continental\u201d, comedia rom\u00e1ntica inspirada\u00a0\u00a0a los hist\u00f3ricos murales de Alberto Ruiz Vela, mismos que reflejan\u00a0\u00a0estampas &hellip; <a href=\"https:\/\/lavereda.com.mx\/index.php\/2023\/02\/17\/regresa-la-puesta-en-escena-una-noche-en-el-continental\/\" class=\"more-link\">Leer m\u00e1s<\/a><\/p>\n","protected":false},"author":1,"featured_media":4814,"comment_status":"open","ping_status":"open","sticky":false,"template":"","format":"standard","meta":{"footnotes":""},"categories":[2,18],"tags":[36,30],"class_list":["post-4813","post","type-post","status-publish","format-standard","has-post-thumbnail","hentry","category-artes-escenicas","category-lomasrelevante","tag-teatro","tag-torreon","entry"],"_links":{"self":[{"href":"https:\/\/lavereda.com.mx\/index.php\/wp-json\/wp\/v2\/posts\/4813","targetHints":{"allow":["GET"]}}],"collection":[{"href":"https:\/\/lavereda.com.mx\/index.php\/wp-json\/wp\/v2\/posts"}],"about":[{"href":"https:\/\/lavereda.com.mx\/index.php\/wp-json\/wp\/v2\/types\/post"}],"author":[{"embeddable":true,"href":"https:\/\/lavereda.com.mx\/index.php\/wp-json\/wp\/v2\/users\/1"}],"replies":[{"embeddable":true,"href":"https:\/\/lavereda.com.mx\/index.php\/wp-json\/wp\/v2\/comments?post=4813"}],"version-history":[{"count":1,"href":"https:\/\/lavereda.com.mx\/index.php\/wp-json\/wp\/v2\/posts\/4813\/revisions"}],"predecessor-version":[{"id":4815,"href":"https:\/\/lavereda.com.mx\/index.php\/wp-json\/wp\/v2\/posts\/4813\/revisions\/4815"}],"wp:featuredmedia":[{"embeddable":true,"href":"https:\/\/lavereda.com.mx\/index.php\/wp-json\/wp\/v2\/media\/4814"}],"wp:attachment":[{"href":"https:\/\/lavereda.com.mx\/index.php\/wp-json\/wp\/v2\/media?parent=4813"}],"wp:term":[{"taxonomy":"category","embeddable":true,"href":"https:\/\/lavereda.com.mx\/index.php\/wp-json\/wp\/v2\/categories?post=4813"},{"taxonomy":"post_tag","embeddable":true,"href":"https:\/\/lavereda.com.mx\/index.php\/wp-json\/wp\/v2\/tags?post=4813"}],"curies":[{"name":"wp","href":"https:\/\/api.w.org\/{rel}","templated":true}]}}