{"id":4806,"date":"2023-02-16T03:01:06","date_gmt":"2023-02-16T03:01:06","guid":{"rendered":"http:\/\/lavereda.com.mx\/?p=4806"},"modified":"2023-02-16T03:03:54","modified_gmt":"2023-02-16T03:03:54","slug":"la-exposicion-del-museo-del-prado-permanecera-tres-meses-en-torreon","status":"publish","type":"post","link":"https:\/\/lavereda.com.mx\/index.php\/2023\/02\/16\/la-exposicion-del-museo-del-prado-permanecera-tres-meses-en-torreon\/","title":{"rendered":"La exposici\u00f3n del Museo Del Prado permanecer\u00e1 tres meses en Torre\u00f3n"},"content":{"rendered":"\n<ul class=\"wp-block-list\"><li>Inauguran la muestra de 56 obras en la Plazuela Ju\u00e1rez<\/li><\/ul>\n\n\n\n<p>\u201cEl museo del Prado es de todos y de todas, es patrimonio internacional e universal\u201d, expres\u00f3 Ana Moreno,&nbsp;coordinadora General de Educaci\u00f3n del Museo Nacional del Prado, durante la inauguraci\u00f3n de la muestra que exhibe en Torre\u00f3n&nbsp;56 reproducciones de las obras de arte emblem\u00e1ticas de este recinto espa\u00f1ol.<\/p>\n\n\n\n<p>El d\u00eda de hoy por la ma\u00f1ana el alcalde de Torre\u00f3n, Rom\u00e1n Alberto Cepeda Gonz\u00e1lez, inaugur\u00f3 la exposici\u00f3n del Museo Nacional del Prado, que estar\u00e1 vigente por tres meses en la Plazuela Ju\u00e1rez.<\/p>\n\n\n\n<p>\u201cEl tener al Museo del Prado aqu\u00ed, con estas m\u00e1s de 56 reproducciones que habremos de mantener de aqu\u00ed hasta mayo, representa el compromiso de toda una sociedad que tiene una gran capacidad de conjuntar esfuerzos\u201d, coment\u00f3.<\/p>\n\n\n\n<figure class=\"wp-block-image size-full is-resized\"><img fetchpriority=\"high\" decoding=\"async\" src=\"https:\/\/lavereda.com.mx\/wp-content\/uploads\/2023\/02\/WhatsApp-Image-2023-02-15-at-12.43.31-PM-1.jpeg\" alt=\"\" class=\"wp-image-4808\" width=\"639\" height=\"479\" srcset=\"https:\/\/lavereda.com.mx\/wp-content\/uploads\/2023\/02\/WhatsApp-Image-2023-02-15-at-12.43.31-PM-1.jpeg 1000w, https:\/\/lavereda.com.mx\/wp-content\/uploads\/2023\/02\/WhatsApp-Image-2023-02-15-at-12.43.31-PM-1-300x225.jpeg 300w, https:\/\/lavereda.com.mx\/wp-content\/uploads\/2023\/02\/WhatsApp-Image-2023-02-15-at-12.43.31-PM-1-768x576.jpeg 768w\" sizes=\"(max-width: 639px) 100vw, 639px\" \/><\/figure>\n\n\n\n<p>Destac\u00f3 la importancia de la exposici\u00f3n que se presenta en Torre\u00f3n, la cual permite el acceso al arte y la cultura a toda la ciudadan\u00eda.<\/p>\n\n\n\n<p>Ana Moreno explic\u00f3 que el proyecto \u201cEl Prado en las calles\u201d surgi\u00f3 en 2011 y el primer lugar al que se llev\u00f3 fue a Santo Domingo, a partir de ah\u00ed la exposici\u00f3n ha viajado por distintos pa\u00edses de Latinoam\u00e9rica.<\/p>\n\n\n\n<p>\u201cEste proyecto nos permite establecer di\u00e1logos no solamente con el patrimonio que les presentamos del Museo del Prado que est\u00e1 en Madrid, sino tambi\u00e9n con el patrimonio local, prueba de ello es la relaci\u00f3n con el Museo Arocena\u201d, coment\u00f3.<\/p>\n\n\n\n<p>Dijo que se trata de obras reproducidas a escala uno a uno, de alta calidad, que est\u00e1n ubicadas de manera cronol\u00f3gica y dispuestas para que se puedan hacer m\u00faltiples recorridos.<\/p>\n\n\n\n<p>En el acto fue develada la obra denominada \u201cLa inmaculada concepci\u00f3n\u201d, de Giovanny Battista Tiepolo.<\/p>\n\n\n\n<p>Francisco Tard\u00edo, jefe de Proyecci\u00f3n y Programaci\u00f3n Internacional del Museo Nacional del Prado, se\u00f1al\u00f3 que ha observado que en Torre\u00f3n hay una apuesta clara por la cultura como un elemento de cohesi\u00f3n, de desarrollo social y econ\u00f3mico, muestra de ello es la exposici\u00f3n que hoy se inaugura.<\/p>\n\n\n\n<p>\u201cLa exposici\u00f3n es un proyecto muy querido por el museo, y lleva viajando por el mundo mucho tiempo y es un \u00e9xito a donde va\u201d, indic\u00f3.<\/p>\n\n\n\n<p>Antonio Prats, Consejero Cultural de la Embajada de Espa\u00f1a en M\u00e9xico, dijo que es una satisfacci\u00f3n que la obra del Museo del Prado se encuentre en Torre\u00f3n, a la vez que se\u00f1al\u00f3 que se trata de una suma de esfuerzos p\u00fablicos y privados.<\/p>\n\n\n\n<p>\u201cEsa suma de esfuerzos es lo que nos permite hoy tener esta exposici\u00f3n y no solo poder disfrutar de los cuadros, sino tambi\u00e9n del conjunto de actividades que se han organizado\u201d, coment\u00f3.<\/p>\n\n\n\n<p>Antonio Edmundo M\u00e9ndez Vigat\u00e1, director del Instituto Municipal de Cultura y Educaci\u00f3n (IMCE), se\u00f1al\u00f3:&nbsp;<\/p>\n\n\n\n<p>\u201cLa muestra del Museo Nacional del Prado que se inaugura este d\u00eda, es en s\u00ed un conjunto del gran legado que alberga y comparte el museo ganador del Premio de Asturias en su Bicentenario\u201d.<\/p>\n\n\n\n<p>Luisa Villegas de Gonz\u00e1lez Karg, impulsora del proyecto, coment\u00f3 que es la cuarta ocasi\u00f3n en que el Museo Nacional del Prado visita a Torre\u00f3n.<\/p>\n\n\n\n<p>\u201cHace m\u00e1s de un a\u00f1o presentamos este proyecto al Alcalde Rom\u00e1n Alberto Cepeda Gonz\u00e1lez y a su esposa Selina Bremer de Cepeda, y desde el primer momento contamos con su apoyo y generosidad, a partir de entonces se han sumado muchas personas y empresas que han hecho posible este proyecto\u201d, expres\u00f3.<\/p>\n\n\n\n<p>Dijo que la exhibici\u00f3n permitir\u00e1 entablar un di\u00e1logo con las obras que se encuentran en el Museo Arocena, y sobre todo hacer valer el derecho de acceso a la cultura que tiene todo ser humano.<\/p>\n\n\n\n<p>La exposici\u00f3n permanecer\u00e1 de forma gratuita durante tres meses, hasta mayo en la Plazuela Ju\u00e1rez de Torre\u00f3n. Se integra por reproducciones de obras de grandes artistas, como&nbsp;Rubens, Durero, Rembrandt, El Bosco, Caravaggio, Goya, Vel\u00e1zquez entre otros.<\/p>\n\n\n\n<figure class=\"wp-block-image size-full is-resized\"><img decoding=\"async\" src=\"https:\/\/lavereda.com.mx\/wp-content\/uploads\/2023\/02\/WhatsApp-Image-2023-02-15-at-12.58.35-PM.jpeg\" alt=\"\" class=\"wp-image-4809\" width=\"605\" height=\"404\" srcset=\"https:\/\/lavereda.com.mx\/wp-content\/uploads\/2023\/02\/WhatsApp-Image-2023-02-15-at-12.58.35-PM.jpeg 1000w, https:\/\/lavereda.com.mx\/wp-content\/uploads\/2023\/02\/WhatsApp-Image-2023-02-15-at-12.58.35-PM-300x200.jpeg 300w, https:\/\/lavereda.com.mx\/wp-content\/uploads\/2023\/02\/WhatsApp-Image-2023-02-15-at-12.58.35-PM-768x512.jpeg 768w\" sizes=\"(max-width: 605px) 100vw, 605px\" \/><\/figure>\n","protected":false},"excerpt":{"rendered":"<p>Inauguran la muestra de 56 obras en la Plazuela Ju\u00e1rez \u201cEl museo del Prado es de todos y de todas, es patrimonio internacional e universal\u201d, expres\u00f3 Ana Moreno,&nbsp;coordinadora General de &hellip; <a href=\"https:\/\/lavereda.com.mx\/index.php\/2023\/02\/16\/la-exposicion-del-museo-del-prado-permanecera-tres-meses-en-torreon\/\" class=\"more-link\">Leer m\u00e1s<\/a><\/p>\n","protected":false},"author":9,"featured_media":4807,"comment_status":"open","ping_status":"open","sticky":false,"template":"","format":"standard","meta":{"footnotes":""},"categories":[3,18],"tags":[],"class_list":["post-4806","post","type-post","status-publish","format-standard","has-post-thumbnail","hentry","category-artes-visuales","category-lomasrelevante","entry"],"_links":{"self":[{"href":"https:\/\/lavereda.com.mx\/index.php\/wp-json\/wp\/v2\/posts\/4806","targetHints":{"allow":["GET"]}}],"collection":[{"href":"https:\/\/lavereda.com.mx\/index.php\/wp-json\/wp\/v2\/posts"}],"about":[{"href":"https:\/\/lavereda.com.mx\/index.php\/wp-json\/wp\/v2\/types\/post"}],"author":[{"embeddable":true,"href":"https:\/\/lavereda.com.mx\/index.php\/wp-json\/wp\/v2\/users\/9"}],"replies":[{"embeddable":true,"href":"https:\/\/lavereda.com.mx\/index.php\/wp-json\/wp\/v2\/comments?post=4806"}],"version-history":[{"count":3,"href":"https:\/\/lavereda.com.mx\/index.php\/wp-json\/wp\/v2\/posts\/4806\/revisions"}],"predecessor-version":[{"id":4812,"href":"https:\/\/lavereda.com.mx\/index.php\/wp-json\/wp\/v2\/posts\/4806\/revisions\/4812"}],"wp:featuredmedia":[{"embeddable":true,"href":"https:\/\/lavereda.com.mx\/index.php\/wp-json\/wp\/v2\/media\/4807"}],"wp:attachment":[{"href":"https:\/\/lavereda.com.mx\/index.php\/wp-json\/wp\/v2\/media?parent=4806"}],"wp:term":[{"taxonomy":"category","embeddable":true,"href":"https:\/\/lavereda.com.mx\/index.php\/wp-json\/wp\/v2\/categories?post=4806"},{"taxonomy":"post_tag","embeddable":true,"href":"https:\/\/lavereda.com.mx\/index.php\/wp-json\/wp\/v2\/tags?post=4806"}],"curies":[{"name":"wp","href":"https:\/\/api.w.org\/{rel}","templated":true}]}}