{"id":4802,"date":"2023-02-15T03:19:02","date_gmt":"2023-02-15T03:19:02","guid":{"rendered":"http:\/\/lavereda.com.mx\/?p=4802"},"modified":"2023-02-15T03:19:03","modified_gmt":"2023-02-15T03:19:03","slug":"los-riesgos-del-ocio-53","status":"publish","type":"post","link":"https:\/\/lavereda.com.mx\/index.php\/2023\/02\/15\/los-riesgos-del-ocio-53\/","title":{"rendered":"Los riesgos del ocio"},"content":{"rendered":"\n<p>Otra vez d\u00eda del amor y la amistad. O como alguien coment\u00f3 esta ma\u00f1ana en el radio: d\u00eda de la comercializaci\u00f3n de los sentimientos.<\/p>\n\n\n\n<p>Lo peor del caso es que hay una lucha extra\u00f1a desde hace unos pocos a\u00f1os, tratando de definir tanto el amor como la amistad.&nbsp;<\/p>\n\n\n\n<p>Que si uno es ese sentimiento puro y m\u00e1gico que nos llena de alegr\u00eda y deseos de vivir enormes. Que si lo otro es lo que nos da soporte dentro de la cantidad de ilusiones rotas que debemos enfrentar d\u00eda con d\u00eda. Que si lo primero se refiere a algo que muy pocos pueden experimentar. Que si lo segundo tiene que ver con tiempos inagotables, con lealtades eternas.<\/p>\n\n\n\n<p>Por otro lado, tenemos la cantidad de palabras que nos ayudan a definir lo que no es eso del amor o la amistad y siempre hay pleito entre fracciones, muchas, que opinan diferente. Un sinf\u00edn de: no es ego\u00edsmo, ni vanidad, ni tiene que ver con el enga\u00f1o, ni con el deseo babeante por un cuerpo, tampoco son la traici\u00f3n, o la duda sobre el otro, m\u00e1s bien se refieren a un estar siempre atentos y listos para ser una dupla. Y este estar siempre parece ser el mayor consenso entre las partes que todav\u00eda quieren creer la existencia del amor y la amistad.<\/p>\n\n\n\n<p>El punto aqu\u00ed es que lo mejor ser\u00eda no pensar en este d\u00eda. A muchos los pone nerviosos. A todos los deja pensando. El mundo entero se vuelca en las dudas del qu\u00e9 regalar, qu\u00e9 hacer para no notar mi soledad, qu\u00e9 decir para no caer en el lugar com\u00fan, c\u00f3mo festejar, c\u00f3mo evitar gastar una quincena que todav\u00eda no cobro, c\u00f3mo le hago para poder satisfacer a todos los que est\u00e1n esperando algo de m\u00ed este d\u00eda.<\/p>\n\n\n\n<p>Vaya, lo mejor es ignorarlo y seguir viviendo como si no pasara nada. Ya habr\u00e1 d\u00edas para reunirse con los amigos, tomar unos vinos, compartir el pan y la sal. Ya tendr\u00e1s m\u00e1s noches de pasi\u00f3n con tu amado sin la obsesiva necesidad de hacerlo este d\u00eda en particular que por cierto toc\u00f3 en martes y ma\u00f1ana hay que levantarse temprano otra vez a perseguir la chuleta. Olv\u00eddate del cuarto de motel, de llenar tu casa con p\u00e9talos de rosa, de la cena rom\u00e1ntica de cuatro tiempos. A menos que tengas toda la posibilidad de no ir el quince a trabajar, de no tener que subir al cami\u00f3n a las seis de la ma\u00f1ana, de no tener la preocupaci\u00f3n por comprar el gas que ya se acab\u00f3 o que no se te exija salir diariamente a las diez de la noche de la oficina.<\/p>\n\n\n\n<p>Y no crean que soy una amargosa, lo que sucede es que quise ir hoy temprano a la farmacia a comprar algo necesario para mi salud, y el centro ya estaba abarrotado de gente tendiendo sus puestos de corazones, chocolates, conejillos esponjosos; lo cual hizo imposible encontrar estacionamiento. Adi\u00f3s salud, hola barra de caramelo empalagosamente dulce con dedicatoria para el noviecito de secundaria.<\/p>\n\n\n\n<p>Porque no negar\u00e1n que el d\u00eda de San Valent\u00edn solo era emocionante cuando eras un adolescente esperanzado de dar y recibir. Un chamaco deseoso de demostrar a la due\u00f1a de tus suspiros o al due\u00f1o de tus sue\u00f1os y primeros poemas, que pensabas a diario en \u00e9l\/ella, mientras te atrev\u00edas a extender tus manos con un regalo que compraste expresamente para \u00e9l\/ella. \u00a1Ah, inocente D\u00eda del amor!<\/p>\n\n\n\n<p>Aquellos d\u00edas ya no volver\u00e1n. Pero nos queda tiempo para seguir sintiendo el hogar cada vez que abres la puerta de tu casa; suspirar de contento cada vez que reposas tu cabeza en el cuello de tu amado; mirar a los ojos a esas personas que hacen especial cada d\u00eda; y saber que, aunque no haya un consenso definitorio, el amor tambi\u00e9n es eso que alarga tu sonrisa y elimina cualquier duda.<\/p>\n","protected":false},"excerpt":{"rendered":"<p>Otra vez d\u00eda del amor y la amistad. O como alguien coment\u00f3 esta ma\u00f1ana en el radio: d\u00eda de la comercializaci\u00f3n de los sentimientos. Lo peor del caso es que &hellip; <a href=\"https:\/\/lavereda.com.mx\/index.php\/2023\/02\/15\/los-riesgos-del-ocio-53\/\" class=\"more-link\">Leer m\u00e1s<\/a><\/p>\n","protected":false},"author":11,"featured_media":4803,"comment_status":"open","ping_status":"open","sticky":false,"template":"","format":"standard","meta":{"footnotes":""},"categories":[18,9],"tags":[],"class_list":["post-4802","post","type-post","status-publish","format-standard","has-post-thumbnail","hentry","category-lomasrelevante","category-opinion","entry"],"_links":{"self":[{"href":"https:\/\/lavereda.com.mx\/index.php\/wp-json\/wp\/v2\/posts\/4802","targetHints":{"allow":["GET"]}}],"collection":[{"href":"https:\/\/lavereda.com.mx\/index.php\/wp-json\/wp\/v2\/posts"}],"about":[{"href":"https:\/\/lavereda.com.mx\/index.php\/wp-json\/wp\/v2\/types\/post"}],"author":[{"embeddable":true,"href":"https:\/\/lavereda.com.mx\/index.php\/wp-json\/wp\/v2\/users\/11"}],"replies":[{"embeddable":true,"href":"https:\/\/lavereda.com.mx\/index.php\/wp-json\/wp\/v2\/comments?post=4802"}],"version-history":[{"count":1,"href":"https:\/\/lavereda.com.mx\/index.php\/wp-json\/wp\/v2\/posts\/4802\/revisions"}],"predecessor-version":[{"id":4804,"href":"https:\/\/lavereda.com.mx\/index.php\/wp-json\/wp\/v2\/posts\/4802\/revisions\/4804"}],"wp:featuredmedia":[{"embeddable":true,"href":"https:\/\/lavereda.com.mx\/index.php\/wp-json\/wp\/v2\/media\/4803"}],"wp:attachment":[{"href":"https:\/\/lavereda.com.mx\/index.php\/wp-json\/wp\/v2\/media?parent=4802"}],"wp:term":[{"taxonomy":"category","embeddable":true,"href":"https:\/\/lavereda.com.mx\/index.php\/wp-json\/wp\/v2\/categories?post=4802"},{"taxonomy":"post_tag","embeddable":true,"href":"https:\/\/lavereda.com.mx\/index.php\/wp-json\/wp\/v2\/tags?post=4802"}],"curies":[{"name":"wp","href":"https:\/\/api.w.org\/{rel}","templated":true}]}}