{"id":4796,"date":"2023-02-14T01:54:58","date_gmt":"2023-02-14T01:54:58","guid":{"rendered":"http:\/\/lavereda.com.mx\/?p=4796"},"modified":"2023-02-14T23:28:29","modified_gmt":"2023-02-14T23:28:29","slug":"hoy-es-el-dia-mundial-de-la-radio","status":"publish","type":"post","link":"https:\/\/lavereda.com.mx\/index.php\/2023\/02\/14\/hoy-es-el-dia-mundial-de-la-radio\/","title":{"rendered":"Radio Educaci\u00f3n celebrar\u00e1 el D\u00eda Mundial de la Radio\u00a0"},"content":{"rendered":"\n<p>El 13 de febrero se conmemora el d\u00eda mundial de la radio proclamado en 2011 por los Estados Miembros de la Organizaci\u00f3n de las Naciones Unidas para la Educaci\u00f3n, la Ciencia y la Cultura (Unesco). <\/p>\n\n\n\n<p>Radio Educaci\u00f3n, instituci\u00f3n de la Secretar\u00eda de Cultura del Gobierno de M\u00e9xico, lo celebrar\u00e1 con la presentaci\u00f3n de la edici\u00f3n 14 de la Bienal Internacional de Radio, a celebrarse en Tlaxcala en septiembre de 2023.<\/p>\n\n\n\n<p>En esta edici\u00f3n el tema ser\u00e1 \u00abRadio y Paz\u00bb, destacando a las radios de car\u00e1cter independiente como pilar para la prevenci\u00f3n de conflictos y la consolidaci\u00f3n de la paz.<\/p>\n\n\n\n<p>Este tema coincide con el eje tem\u00e1tico de la 14 Bienal: \u201cCultura para la paz. Periodismo radiof\u00f3nico para la interculturalidad\u201d, el cual ser\u00e1 abordado a trav\u00e9s de un amplio programa acad\u00e9mico con conferencias y talleres, as\u00ed como el tradicional Coloquio Miguel \u00c1ngel Granados Chapa, dedicado a los derechos de las audiencias.&nbsp;<\/p>\n\n\n\n<p>El encuentro radiof\u00f3nico, que se organiza desde 1996 y es considerado uno de los m\u00e1s importantes en Am\u00e9rica Latina, se realizar\u00e1 de nuevo de manera presencial, y ser\u00e1 en Tlaxcala, entidad sede de la Secretar\u00eda de Cultura del Gobierno de M\u00e9xico.<\/p>\n\n\n\n<p>El lunes 13 de febrero, en el marco de esta conmemoraci\u00f3n, el noticiario cultural <em>Su casa y otros viajes<\/em> se transmitir\u00e1 en vivo desde el Museo de la Radio de Tlaxcala, un espacio p\u00fablico dedicado a la cultura, mismo que alberga una colecci\u00f3n de 120 aparatos radiof\u00f3nicos que datan de los inicios del medio y hasta \u00e9poca actual.<\/p>\n\n\n\n<p>Esta emisi\u00f3n tendr\u00e1 como invitado al secretario de Cultura de Tlaxcala, Antonio Mart\u00ednez Vel\u00e1zquez, quien hablar\u00e1 de la realizaci\u00f3n de la Bienal Internacional de Radio, a celebrarse por primera vez en este estado como sede.<\/p>\n\n\n\n<p>Adem\u00e1s de esta transmisi\u00f3n, a lo largo del d\u00eda habr\u00e1 c\u00e1psulas referentes a la celebraci\u00f3n y a las 16:00 horas, en las se\u00f1ales de la Ciudad de M\u00e9xico, se llevar\u00e1 a cabo la presentaci\u00f3n del documento audiovisual <em>Radio Educaci\u00f3n a trav\u00e9s de su acervo\u2026<\/em>, bajo la premisa de que la radio cuenta con un repositorio en el que se preservan las voces, sonidos y m\u00fasicas que han resonado a lo largo de poco m\u00e1s medio siglo.<\/p>\n\n\n\n<p>Adem\u00e1s, la instituci\u00f3n conmemora el 13 de febrero con contenidos que buscan dar difusi\u00f3n a las lenguas ind\u00edgenas, a la m\u00fasica y a las tradiciones, para que sean conocidas por una poblaci\u00f3n m\u00e1s amplia, dando continuidad a los ejes de la Secretar\u00eda de Cultura, permitiendo de esta manera la redistribuci\u00f3n de la riqueza cultural y el fomento a una cultura de paz.<\/p>\n","protected":false},"excerpt":{"rendered":"<p>El 13 de febrero se conmemora el d\u00eda mundial de la radio proclamado en 2011 por los Estados Miembros de la Organizaci\u00f3n de las Naciones Unidas para la Educaci\u00f3n, la &hellip; <a href=\"https:\/\/lavereda.com.mx\/index.php\/2023\/02\/14\/hoy-es-el-dia-mundial-de-la-radio\/\" class=\"more-link\">Leer m\u00e1s<\/a><\/p>\n","protected":false},"author":17,"featured_media":4797,"comment_status":"open","ping_status":"open","sticky":false,"template":"","format":"standard","meta":{"footnotes":""},"categories":[18],"tags":[],"class_list":["post-4796","post","type-post","status-publish","format-standard","has-post-thumbnail","hentry","category-lomasrelevante","entry"],"_links":{"self":[{"href":"https:\/\/lavereda.com.mx\/index.php\/wp-json\/wp\/v2\/posts\/4796","targetHints":{"allow":["GET"]}}],"collection":[{"href":"https:\/\/lavereda.com.mx\/index.php\/wp-json\/wp\/v2\/posts"}],"about":[{"href":"https:\/\/lavereda.com.mx\/index.php\/wp-json\/wp\/v2\/types\/post"}],"author":[{"embeddable":true,"href":"https:\/\/lavereda.com.mx\/index.php\/wp-json\/wp\/v2\/users\/17"}],"replies":[{"embeddable":true,"href":"https:\/\/lavereda.com.mx\/index.php\/wp-json\/wp\/v2\/comments?post=4796"}],"version-history":[{"count":3,"href":"https:\/\/lavereda.com.mx\/index.php\/wp-json\/wp\/v2\/posts\/4796\/revisions"}],"predecessor-version":[{"id":4801,"href":"https:\/\/lavereda.com.mx\/index.php\/wp-json\/wp\/v2\/posts\/4796\/revisions\/4801"}],"wp:featuredmedia":[{"embeddable":true,"href":"https:\/\/lavereda.com.mx\/index.php\/wp-json\/wp\/v2\/media\/4797"}],"wp:attachment":[{"href":"https:\/\/lavereda.com.mx\/index.php\/wp-json\/wp\/v2\/media?parent=4796"}],"wp:term":[{"taxonomy":"category","embeddable":true,"href":"https:\/\/lavereda.com.mx\/index.php\/wp-json\/wp\/v2\/categories?post=4796"},{"taxonomy":"post_tag","embeddable":true,"href":"https:\/\/lavereda.com.mx\/index.php\/wp-json\/wp\/v2\/tags?post=4796"}],"curies":[{"name":"wp","href":"https:\/\/api.w.org\/{rel}","templated":true}]}}