{"id":4793,"date":"2023-02-13T23:52:01","date_gmt":"2023-02-13T23:52:01","guid":{"rendered":"http:\/\/lavereda.com.mx\/?p=4793"},"modified":"2023-02-13T23:52:04","modified_gmt":"2023-02-13T23:52:04","slug":"el-arte-del-museo-del-prado-llega-a-torreon","status":"publish","type":"post","link":"https:\/\/lavereda.com.mx\/index.php\/2023\/02\/13\/el-arte-del-museo-del-prado-llega-a-torreon\/","title":{"rendered":"El arte del Museo Del Prado llega a Torre\u00f3n"},"content":{"rendered":"\n<p>Este mi\u00e9rcoles 15 de febrero ser\u00e1 inaugurada la exposici\u00f3n al aire libre\u00a0\u201cEl Museo del Prado en Torre\u00f3n\u201d, una muestra de 56 reproducciones de piezas emblem\u00e1ticas del museo espa\u00f1ol, que incluyen nombres de hist\u00f3ricos del arte como Rubens, Durero, Rembrandt, El Bosco, Caravaggio, Goya, Vel\u00e1zquez entre otros, se ubicar\u00e1 en la plazuela Ju\u00e1rez (Av. Morelos entre Galeana y Ram\u00f3n Corona) a partir de las 10:00 horas.<\/p>\n\n\n\n<p>El Instituto Municipal de Cultura y Educaci\u00f3n de Torre\u00f3n inform\u00f3 que en esta muestra participan el Museo Nacional del Prado, el Centro Cultural de Espa\u00f1a en M\u00e9xico, la Agencia Espa\u00f1ola de Cooperaci\u00f3n Internacional para el Desarrollo, el Museo Arocena, as\u00ed como Lala, Trasgo, Pe\u00f1oles y El Siglo de Torre\u00f3n.<\/p>\n\n\n\n<p>\u201cEl Prado en las Calles\u201d nombre con el que nace este proyecto, es una iniciativa de la Red de Centros Culturales de la Cooperaci\u00f3n Espa\u00f1ola, surge con el prop\u00f3sito de acercar las obras del Museo del Prado a p\u00fablicos de Latinoam\u00e9rica, lo que ha contribuido a la recuperaci\u00f3n de espacios p\u00fablicos para la ciudadan\u00eda. Gracias a un acuerdo de colaboraci\u00f3n con el Museo del Prado, que autoriza las\u00a0reproducciones de gran formato y supervisa su calidad, \u201cEl Prado en las Calles\u201d ha recorrido ya diversos\u00a0\u00a0pa\u00edses del continente y ha recibido decenas de miles de visitantes.\u00a0<\/p>\n\n\n\n<p>Tras una primera exhibici\u00f3n en la Rep\u00fablica Dominicana en 2011, en 2015 se relanza el proyecto en Centroam\u00e9rica, desde entonces ha recorrido pa\u00edses como Honduras, Guatemala, El Salvador, Nicaragua, incluso en el Caribe, con su paso por Cuba, y \u00c1frica con su paso por Bata.<\/p>\n\n\n\n<p>Las muestras van acompa\u00f1adas de programas educativos organizados, que han permitido acercar al p\u00fablico escolar y a las y los j\u00f3venes al arte y al contexto de cada pintura, en esta ocasi\u00f3n el&nbsp;<strong>Instituto Municipal de Cultura y Educaci\u00f3n&nbsp;<\/strong>y el&nbsp;<strong>Museo Arocena&nbsp;<\/strong>realizar\u00e1n diversas actividades en torno a esta exposici\u00f3n, que ser\u00e1n anunciadas a partir de su inauguraci\u00f3n y durante la estancia de la exposici\u00f3n.<\/p>\n","protected":false},"excerpt":{"rendered":"<p>Este mi\u00e9rcoles 15 de febrero ser\u00e1 inaugurada la exposici\u00f3n al aire libre\u00a0\u201cEl Museo del Prado en Torre\u00f3n\u201d, una muestra de 56 reproducciones de piezas emblem\u00e1ticas del museo espa\u00f1ol, que incluyen &hellip; <a href=\"https:\/\/lavereda.com.mx\/index.php\/2023\/02\/13\/el-arte-del-museo-del-prado-llega-a-torreon\/\" class=\"more-link\">Leer m\u00e1s<\/a><\/p>\n","protected":false},"author":1,"featured_media":4794,"comment_status":"open","ping_status":"open","sticky":false,"template":"","format":"standard","meta":{"footnotes":""},"categories":[3,18],"tags":[],"class_list":["post-4793","post","type-post","status-publish","format-standard","has-post-thumbnail","hentry","category-artes-visuales","category-lomasrelevante","entry"],"_links":{"self":[{"href":"https:\/\/lavereda.com.mx\/index.php\/wp-json\/wp\/v2\/posts\/4793","targetHints":{"allow":["GET"]}}],"collection":[{"href":"https:\/\/lavereda.com.mx\/index.php\/wp-json\/wp\/v2\/posts"}],"about":[{"href":"https:\/\/lavereda.com.mx\/index.php\/wp-json\/wp\/v2\/types\/post"}],"author":[{"embeddable":true,"href":"https:\/\/lavereda.com.mx\/index.php\/wp-json\/wp\/v2\/users\/1"}],"replies":[{"embeddable":true,"href":"https:\/\/lavereda.com.mx\/index.php\/wp-json\/wp\/v2\/comments?post=4793"}],"version-history":[{"count":1,"href":"https:\/\/lavereda.com.mx\/index.php\/wp-json\/wp\/v2\/posts\/4793\/revisions"}],"predecessor-version":[{"id":4795,"href":"https:\/\/lavereda.com.mx\/index.php\/wp-json\/wp\/v2\/posts\/4793\/revisions\/4795"}],"wp:featuredmedia":[{"embeddable":true,"href":"https:\/\/lavereda.com.mx\/index.php\/wp-json\/wp\/v2\/media\/4794"}],"wp:attachment":[{"href":"https:\/\/lavereda.com.mx\/index.php\/wp-json\/wp\/v2\/media?parent=4793"}],"wp:term":[{"taxonomy":"category","embeddable":true,"href":"https:\/\/lavereda.com.mx\/index.php\/wp-json\/wp\/v2\/categories?post=4793"},{"taxonomy":"post_tag","embeddable":true,"href":"https:\/\/lavereda.com.mx\/index.php\/wp-json\/wp\/v2\/tags?post=4793"}],"curies":[{"name":"wp","href":"https:\/\/api.w.org\/{rel}","templated":true}]}}