{"id":4790,"date":"2023-02-12T04:47:57","date_gmt":"2023-02-12T04:47:57","guid":{"rendered":"http:\/\/lavereda.com.mx\/?p=4790"},"modified":"2023-02-12T04:48:00","modified_gmt":"2023-02-12T04:48:00","slug":"hasta-el-viento-tiene-miedo","status":"publish","type":"post","link":"https:\/\/lavereda.com.mx\/index.php\/2023\/02\/12\/hasta-el-viento-tiene-miedo\/","title":{"rendered":"Hasta el viento tiene miedo"},"content":{"rendered":"\n<p><strong>Hasta el viento tiene miedo, 1968<\/strong><\/p>\n\n\n\n<p>Tubi<\/p>\n\n\n\n<p>En un internado, un grupo de chicas son castigadas y deben quedarse en la escuela solariega durante las vacaciones. En las noches son atormentadas por el esp\u00edritu de una alumna que se quit\u00f3 la vida y que, al parecer, busca venganza.<\/p>\n\n\n\n<p>El maestro Carlos Enrique Taboada escribe y dirige una historia cl\u00e1sica de suspenso sobrenatural, de corte g\u00f3tico, que apela a los temores b\u00e1sicos del miedo a la oscuridad y el terror de presenciar el regreso de los muertos, que han ido y vuelto del m\u00e1s all\u00e1.<\/p>\n\n\n\n<p>La cinta es una maravilla de atm\u00f3sfera. Con recursos muy limitados, todo hecho en una locaci\u00f3n, se crea un ambiente estremecedor, con efectos de vientos huracanados, que susurran en exteriores, y luces tenues que delinean siluetas entre las sombras.<\/p>\n\n\n\n<p>Para la generaci\u00f3n del suspenso escalofriante es clave la m\u00fasica incidental de Ra\u00fal Lavista.<\/p>\n\n\n\n<p>Es antol\u00f3gico en el cuadro actoral conformado por las jovencitas Alicia Bonet, como la protagonista Claudia, asediada por pesadillas y a la que llama una voz de ultratumba, as\u00ed como por Norma Lazareno, Elizabeth Dupeyron, Renata Seydel, Rita Sabre, y la inquietante presencia de Pamela Susan Hall.<\/p>\n\n\n\n<p>Por ah\u00ed hay una extra\u00f1a tensi\u00f3n entre las se\u00f1oritas Marga L\u00f3pez y Maricruz Olivier, que llevan la direcci\u00f3n del internado.<\/p>\n\n\n\n<p>De lo mejor que se ha hecho en el g\u00e9nero, en M\u00e9xico.<\/p>\n\n\n\n<p>(No debe confundirse con el bodrio de remake que se hizo en el 2007)<\/p>\n\n\n\n<p>(PG-13. Orientaci\u00f3n de los padres a menores de 13 a\u00f1os)<\/p>\n\n\n\n<p>@LucianoCamposG<\/p>\n\n\n\n<figure class=\"wp-block-embed is-type-video is-provider-youtube wp-block-embed-youtube wp-embed-aspect-16-9 wp-has-aspect-ratio\"><div class=\"wp-block-embed__wrapper\">\n<iframe title=\"Marga L\u00f3pez y Maricruz Olivier | Hasta el Viento Tiene Miedo (1968) | Trailer\" width=\"1170\" height=\"658\" src=\"https:\/\/www.youtube.com\/embed\/TKhKmlrh0ws?feature=oembed\" frameborder=\"0\" allow=\"accelerometer; autoplay; clipboard-write; encrypted-media; gyroscope; picture-in-picture; web-share\" allowfullscreen><\/iframe>\n<\/div><\/figure>\n","protected":false},"excerpt":{"rendered":"<p>Hasta el viento tiene miedo, 1968 Tubi En un internado, un grupo de chicas son castigadas y deben quedarse en la escuela solariega durante las vacaciones. En las noches son &hellip; <a href=\"https:\/\/lavereda.com.mx\/index.php\/2023\/02\/12\/hasta-el-viento-tiene-miedo\/\" class=\"more-link\">Leer m\u00e1s<\/a><\/p>\n","protected":false},"author":3,"featured_media":4791,"comment_status":"open","ping_status":"open","sticky":false,"template":"","format":"standard","meta":{"footnotes":""},"categories":[6],"tags":[40],"class_list":["post-4790","post","type-post","status-publish","format-standard","has-post-thumbnail","hentry","category-cinetv","tag-cine","entry"],"_links":{"self":[{"href":"https:\/\/lavereda.com.mx\/index.php\/wp-json\/wp\/v2\/posts\/4790","targetHints":{"allow":["GET"]}}],"collection":[{"href":"https:\/\/lavereda.com.mx\/index.php\/wp-json\/wp\/v2\/posts"}],"about":[{"href":"https:\/\/lavereda.com.mx\/index.php\/wp-json\/wp\/v2\/types\/post"}],"author":[{"embeddable":true,"href":"https:\/\/lavereda.com.mx\/index.php\/wp-json\/wp\/v2\/users\/3"}],"replies":[{"embeddable":true,"href":"https:\/\/lavereda.com.mx\/index.php\/wp-json\/wp\/v2\/comments?post=4790"}],"version-history":[{"count":1,"href":"https:\/\/lavereda.com.mx\/index.php\/wp-json\/wp\/v2\/posts\/4790\/revisions"}],"predecessor-version":[{"id":4792,"href":"https:\/\/lavereda.com.mx\/index.php\/wp-json\/wp\/v2\/posts\/4790\/revisions\/4792"}],"wp:featuredmedia":[{"embeddable":true,"href":"https:\/\/lavereda.com.mx\/index.php\/wp-json\/wp\/v2\/media\/4791"}],"wp:attachment":[{"href":"https:\/\/lavereda.com.mx\/index.php\/wp-json\/wp\/v2\/media?parent=4790"}],"wp:term":[{"taxonomy":"category","embeddable":true,"href":"https:\/\/lavereda.com.mx\/index.php\/wp-json\/wp\/v2\/categories?post=4790"},{"taxonomy":"post_tag","embeddable":true,"href":"https:\/\/lavereda.com.mx\/index.php\/wp-json\/wp\/v2\/tags?post=4790"}],"curies":[{"name":"wp","href":"https:\/\/api.w.org\/{rel}","templated":true}]}}