{"id":4784,"date":"2023-02-09T20:45:26","date_gmt":"2023-02-09T20:45:26","guid":{"rendered":"http:\/\/lavereda.com.mx\/?p=4784"},"modified":"2023-02-09T20:45:28","modified_gmt":"2023-02-09T20:45:28","slug":"arranca-la-72-muestra-internacional-de-cine-en-torreon","status":"publish","type":"post","link":"https:\/\/lavereda.com.mx\/index.php\/2023\/02\/09\/arranca-la-72-muestra-internacional-de-cine-en-torreon\/","title":{"rendered":"Arranca la 72 Muestra Internacional de Cine en Torre\u00f3n"},"content":{"rendered":"\n<p>Una selecci\u00f3n de siete de las cintas m\u00e1s reconocidas en festivales internacionales llega a Torre\u00f3n a partir de hoy, con la Muestra Internacional de Cine que presenta la Universidad Iberoamericana Torre\u00f3n a trav\u00e9s de un convenio con la Cineteca Nacional.<\/p>\n\n\n\n<p>La Muestra contar\u00e1 con producciones provenientes de pa\u00edses como M\u00e9xico, Estados Unidos, Colombia, Luxemburgo, Francia, Noruega, Austria, B\u00e9lgica, Alemania, Portugal y Rumania.\u00a0\u00a0\u00a0\u00a0\u00a0\u00a0<\/p>\n\n\n\n<p>La Muestra de la Cineteca Nacional, instituci\u00f3n de la Secretar\u00eda de Cultura del Gobierno de M\u00e9xico, es una de las actividades cinematogr\u00e1ficas m\u00e1s longevas y de mayor tradici\u00f3n en M\u00e9xico, luego de que su primera edici\u00f3n, ocurrida en 1971, haya iniciado la tarea de traer a\u00f1o con a\u00f1o lo mejor del panorama del cine mundial. Tras cincuenta a\u00f1os y setenta y dos ediciones, se ha ganado un lugar en el coraz\u00f3n de los y las cin\u00e9filas.<\/p>\n\n\n\n<p>La edici\u00f3n 72 de la Muestra conjugar\u00e1 pel\u00edculas de Francia, Austria, Alemania, Rumania, Italia, Colombia, B\u00e9lgica y por supuesto M\u00e9xico. Los 7 largometrajes que componen esta edici\u00f3n se dar\u00e1n cita del 9 al 15 de febrero en las salas de Cin\u00e9polis Plaza Cuatro Caminos, en dos funciones.<\/p>\n\n\n\n<p>En esta ocasi\u00f3n, la cinta encargada de iniciar la fiesta cinematogr\u00e1fica es la pel\u00edcula\u00a0<strong>Dioses de M\u00e9xico\u00a0<\/strong>de Helmut Dosantos, con funciones a las 18:00 y 21:00 horas. \u00c9sta nos muestra mundos diferentes del M\u00e9xico profundo; cada uno luchando por resistir a la modernizaci\u00f3n, que amenaza con adue\u00f1arse de sus riquezas naturales y de su identidad cultural.<\/p>\n\n\n\n<p>Dirigi\u00e9ndonos hacia Colombia, la pel\u00edcula de Laura Mora Ortega,&nbsp;<strong>Los reyes del mundo<\/strong>&nbsp;mostrar\u00e1 una historia adolescente donde la desobediencia, la amistad y la resistencia son el d\u00eda a d\u00eda de cinco j\u00f3venes de Medell\u00edn. Con esta cinta la directora alz\u00f3 la presea de Mejor Pel\u00edcula en el Festival de Cine de San Sebasti\u00e1n 2022.&nbsp;<\/p>\n\n\n\n<p>Para terminar el recorrido del continente americano, la cinta estadounidense&nbsp;<strong>T\u00e1r<\/strong>, de Todd Fields, re\u00fane a tres de las mejores actrices del panorama mundial: la estadounidense Cate Blanchett, la francesa No\u00e9mie Merlant, y la alemana Nina Hoss, en una historia donde la m\u00fasica de la islandesa Hildur Gu\u00f0nad\u00f3ttir, se vuelve el personaje m\u00e1s importante. Blanchett recibi\u00f3 la copa Volpi en el Festival de Cine de Venecia por su interpretaci\u00f3n de la compositora Lydia T\u00e1r en esta cinta.&nbsp;<\/p>\n\n\n\n<p>Este a\u00f1o la Muestra Internacional traer\u00e1 a salas mexicanas algunos t\u00edtulos que le han dado la vuelta al mundo. Por ejemplo, la austriaca&nbsp;<strong>Corsage<\/strong>, de la directora Maria Kreutzer, retoma una de las figuras m\u00e1s representativas de la historia de Europa: la Emperatriz Elisabeth de Austria, interpretada por la actriz Vicky Krieps.&nbsp;<\/p>\n\n\n\n<p>Por su parte, el cineasta Albert Serra regresa con la aclamada&nbsp;<strong>Pacifiction,<\/strong>&nbsp;que fue presentada en el Festival de Cine de Cannes en mayo de este a\u00f1o y se llev\u00f3 elogios del p\u00fablico y la cr\u00edtica. En su cinta, Serra cuestiona el cinismo que esconde la pol\u00edtica internacional cuando una escritora descubre que el gobierno franc\u00e9s realiza ensayos nucleares que podr\u00edan suponer una amenaza para la poblaci\u00f3n de la Polinesia Francesa.&nbsp;<\/p>\n\n\n\n<p>Directo de B\u00e9lgica, otra de las cintas mostradas en Cannes durante 2021 llegar\u00e1 a las salas mexicanas,&nbsp;<strong>Playground: un mundo<\/strong>, donde el acoso escolar es la materia prima con la que Laura Wandel cuenta esta historia a los ojos de un grupo de infantes.&nbsp;<\/p>\n\n\n\n<p>Para cerrar esta selecci\u00f3n, la cinta rumana ofrecer\u00e1 a los y las asistentes visiones del mundo contempor\u00e1neo. Radu Jude revisa la vida de pandemia en su alucinante&nbsp;<strong>Sexo desafortunado o porno loco<\/strong>, donde una maestra es v\u00edctima de un asalto a su intimidad sexual y duramente juzgada por el conservadurismo occidental.&nbsp;<\/p>\n\n\n\n<p>La 72 Muestra Internacional de Cine se llevar\u00e1 a cabo del 9 al 15 de febrero en una de las salas de Cin\u00e9polis Plaza Cuatro Caminos, con los precios habituales y podr\u00e1n adquirirse directamente en taquilla, en la aplicaci\u00f3n oficial o en su sitio web. Adem\u00e1s, todas las exhibiciones se realizar\u00e1n con estricto apego a los protocolos de salud e higiene dispuestos por las autoridades federales.<\/p>\n","protected":false},"excerpt":{"rendered":"<p>Una selecci\u00f3n de siete de las cintas m\u00e1s reconocidas en festivales internacionales llega a Torre\u00f3n a partir de hoy, con la Muestra Internacional de Cine que presenta la Universidad Iberoamericana &hellip; <a href=\"https:\/\/lavereda.com.mx\/index.php\/2023\/02\/09\/arranca-la-72-muestra-internacional-de-cine-en-torreon\/\" class=\"more-link\">Leer m\u00e1s<\/a><\/p>\n","protected":false},"author":1,"featured_media":4785,"comment_status":"open","ping_status":"open","sticky":false,"template":"","format":"standard","meta":{"footnotes":""},"categories":[6,18],"tags":[40],"class_list":["post-4784","post","type-post","status-publish","format-standard","has-post-thumbnail","hentry","category-cinetv","category-lomasrelevante","tag-cine","entry"],"_links":{"self":[{"href":"https:\/\/lavereda.com.mx\/index.php\/wp-json\/wp\/v2\/posts\/4784","targetHints":{"allow":["GET"]}}],"collection":[{"href":"https:\/\/lavereda.com.mx\/index.php\/wp-json\/wp\/v2\/posts"}],"about":[{"href":"https:\/\/lavereda.com.mx\/index.php\/wp-json\/wp\/v2\/types\/post"}],"author":[{"embeddable":true,"href":"https:\/\/lavereda.com.mx\/index.php\/wp-json\/wp\/v2\/users\/1"}],"replies":[{"embeddable":true,"href":"https:\/\/lavereda.com.mx\/index.php\/wp-json\/wp\/v2\/comments?post=4784"}],"version-history":[{"count":1,"href":"https:\/\/lavereda.com.mx\/index.php\/wp-json\/wp\/v2\/posts\/4784\/revisions"}],"predecessor-version":[{"id":4786,"href":"https:\/\/lavereda.com.mx\/index.php\/wp-json\/wp\/v2\/posts\/4784\/revisions\/4786"}],"wp:featuredmedia":[{"embeddable":true,"href":"https:\/\/lavereda.com.mx\/index.php\/wp-json\/wp\/v2\/media\/4785"}],"wp:attachment":[{"href":"https:\/\/lavereda.com.mx\/index.php\/wp-json\/wp\/v2\/media?parent=4784"}],"wp:term":[{"taxonomy":"category","embeddable":true,"href":"https:\/\/lavereda.com.mx\/index.php\/wp-json\/wp\/v2\/categories?post=4784"},{"taxonomy":"post_tag","embeddable":true,"href":"https:\/\/lavereda.com.mx\/index.php\/wp-json\/wp\/v2\/tags?post=4784"}],"curies":[{"name":"wp","href":"https:\/\/api.w.org\/{rel}","templated":true}]}}