{"id":478,"date":"2020-08-19T23:07:15","date_gmt":"2020-08-19T23:07:15","guid":{"rendered":"http:\/\/lavereda.com.mx\/?p=478"},"modified":"2020-08-19T23:11:19","modified_gmt":"2020-08-19T23:11:19","slug":"se-presenta-3-laguna-jazz-en-el-teatro-isauro","status":"publish","type":"post","link":"https:\/\/lavereda.com.mx\/index.php\/2020\/08\/19\/se-presenta-3-laguna-jazz-en-el-teatro-isauro\/","title":{"rendered":"Se presenta 3 Laguna Jazz en el Teatro Isauro"},"content":{"rendered":"\n<p>3 Laguna Jazz, banda especializada en interpretar los diversos g\u00e9neros del Jazz, har\u00e1 su presentaci\u00f3n en el escenario del Teatro Isauro Mart\u00ednez<strong> este jueves 20 de agosto a las 7:00 pm por Facebook Live del TIM.<\/strong><\/p>\n\n\n\n<p>Originarios de Torre\u00f3n, la agrupaci\u00f3n fue fundada a mediados del 2013 por el baterista Tom\u00e1s N\u00e1jera y el bajista Fernando Hern\u00e1ndez ya que ellos buscaban reavivar el jazz en la Laguna.&nbsp;<\/p>\n\n\n\n<p>Inicialmente comenzaron con cuatro integrantes, Tom\u00e1s N\u00e1jera en la bater\u00eda, Fernando Hern\u00e1ndez en el Bajo, Francisco Santa Cruz en la Guitarra y Beto N\u00e1jera en el Saxof\u00f3n. Posteriormente la banda sum\u00f3 m\u00e1s elementos. Se han presentado en diferentes foros de la ciudad. Tambi\u00e9n ha recibido invitaciones de diferentes festivales culturales, uno de ellos el festival internacional de jazz en Xalapa, Veracruz.<\/p>\n\n\n\n<p>Su influencia es Funk, Jazz, Blues, Latin, Bossa, Avant-garde Jazz, Fusi\u00f3n.&nbsp;<\/p>\n\n\n\n<p>La banda actualmente est\u00e1 integrada por:<\/p>\n\n\n\n<p>To\u00f1o Ramos (piano)<\/p>\n\n\n\n<p>Kiko Santa Cruz (guitarra)<\/p>\n\n\n\n<p>Beto Najera (sax tenor)<\/p>\n\n\n\n<p>Hugo Monsivis (bajo)<\/p>\n\n\n\n<p>Jacobo Espino( trompeta)<\/p>\n\n\n\n<p>Tomy N\u00e1jera (bater\u00eda)<\/p>\n\n\n\n<p>Invitados especiales Juan Barrios y Yiyo Najera.<\/p>\n","protected":false},"excerpt":{"rendered":"<p>3 Laguna Jazz, banda especializada en interpretar los diversos g\u00e9neros del Jazz, har\u00e1 su presentaci\u00f3n en el escenario del Teatro Isauro Mart\u00ednez este jueves 20 de agosto a las 7:00 pm por Facebook Live del TIM.<\/p>\n","protected":false},"author":1,"featured_media":479,"comment_status":"open","ping_status":"open","sticky":false,"template":"","format":"standard","meta":{"footnotes":""},"categories":[11],"tags":[],"class_list":["post-478","post","type-post","status-publish","format-standard","has-post-thumbnail","hentry","category-agenda","entry"],"_links":{"self":[{"href":"https:\/\/lavereda.com.mx\/index.php\/wp-json\/wp\/v2\/posts\/478","targetHints":{"allow":["GET"]}}],"collection":[{"href":"https:\/\/lavereda.com.mx\/index.php\/wp-json\/wp\/v2\/posts"}],"about":[{"href":"https:\/\/lavereda.com.mx\/index.php\/wp-json\/wp\/v2\/types\/post"}],"author":[{"embeddable":true,"href":"https:\/\/lavereda.com.mx\/index.php\/wp-json\/wp\/v2\/users\/1"}],"replies":[{"embeddable":true,"href":"https:\/\/lavereda.com.mx\/index.php\/wp-json\/wp\/v2\/comments?post=478"}],"version-history":[{"count":2,"href":"https:\/\/lavereda.com.mx\/index.php\/wp-json\/wp\/v2\/posts\/478\/revisions"}],"predecessor-version":[{"id":481,"href":"https:\/\/lavereda.com.mx\/index.php\/wp-json\/wp\/v2\/posts\/478\/revisions\/481"}],"wp:featuredmedia":[{"embeddable":true,"href":"https:\/\/lavereda.com.mx\/index.php\/wp-json\/wp\/v2\/media\/479"}],"wp:attachment":[{"href":"https:\/\/lavereda.com.mx\/index.php\/wp-json\/wp\/v2\/media?parent=478"}],"wp:term":[{"taxonomy":"category","embeddable":true,"href":"https:\/\/lavereda.com.mx\/index.php\/wp-json\/wp\/v2\/categories?post=478"},{"taxonomy":"post_tag","embeddable":true,"href":"https:\/\/lavereda.com.mx\/index.php\/wp-json\/wp\/v2\/tags?post=478"}],"curies":[{"name":"wp","href":"https:\/\/api.w.org\/{rel}","templated":true}]}}