{"id":4779,"date":"2023-02-09T01:26:36","date_gmt":"2023-02-09T01:26:36","guid":{"rendered":"http:\/\/lavereda.com.mx\/?p=4779"},"modified":"2023-02-09T01:52:11","modified_gmt":"2023-02-09T01:52:11","slug":"elecciones-para-coordinador-de-la-unidad-torreon-de-ua-de-c","status":"publish","type":"post","link":"https:\/\/lavereda.com.mx\/index.php\/2023\/02\/09\/elecciones-para-coordinador-de-la-unidad-torreon-de-ua-de-c\/","title":{"rendered":"Jornada de elecciones para la coordinaci\u00f3n en Torre\u00f3n de la UA de C"},"content":{"rendered":"\n<p>En punto de las 09:30 horas la Dra. Sandra L\u00f3pez Chavarr\u00eda acudi\u00f3 a las instalaciones de la Facultad de Contadur\u00eda y Administraci\u00f3n (FCA) para emitir su voto y, con el apoyo de estudiantes y docentes, alcanzar por segundo per\u00edodo consecutivo ser la titular de la Coordinaci\u00f3n Unidad Torre\u00f3n de la Universidad Aut\u00f3noma de Coahuila, inform\u00f3 la instituci\u00f3n en un comunicado.<\/p>\n\n\n\n<p>L\u00f3pez Chavarr\u00eda es la tercera mujer en ocupar el cargo, responsabilidad que antes cumplieron la ingeniera Rosa Mar\u00eda Franco Parra y la maestra Lorena Medina Bocanegra.<\/p>\n\n\n\n<p>Alrededor de 14 mil votantes, entre alumnos mujeres y hombres de bachillerato, licenciatura y posgrados, as\u00ed como maestros y maestras, estar\u00edan en posibilidades de acudir a las urnas.<\/p>\n\n\n\n<p>La aspirante a ser ratificada dijo esperar el apoyo de entre un 75 a un 80 por ciento del padr\u00f3n, tras haber cumplido su campa\u00f1a de proselitismo que la hizo recorrer los 20 planteles de la Unidad Torre\u00f3n, considerando la extensi\u00f3n de la Preparatoria Venustiano Carranza en Matamoros de la Laguna, as\u00ed como el bachillerato Agua Nueva y la Escuela de Administraci\u00f3n en San Pedro de las Colonias.<\/p>\n\n\n\n<p>Ante los medios declar\u00f3, despu\u00e9s de votar, que la mayor demanda del estudiantado es en materia de cultura, deportes, investigaci\u00f3n y mejoramiento de la infraestructura en sus escuelas, facultades e institutos.<\/p>\n\n\n\n<p>Esta misma noche, en la Coordinaci\u00f3n Unidad Torre\u00f3n se habr\u00e1n de dar a conocer los resultados de la elecci\u00f3n, dejando pendiente la fecha de toma de protesta oficial del trienio 2023-2026.<\/p>\n","protected":false},"excerpt":{"rendered":"<p>En punto de las 09:30 horas la Dra. Sandra L\u00f3pez Chavarr\u00eda acudi\u00f3 a las instalaciones de la Facultad de Contadur\u00eda y Administraci\u00f3n (FCA) para emitir su voto y, con el &hellip; <a href=\"https:\/\/lavereda.com.mx\/index.php\/2023\/02\/09\/elecciones-para-coordinador-de-la-unidad-torreon-de-ua-de-c\/\" class=\"more-link\">Leer m\u00e1s<\/a><\/p>\n","protected":false},"author":17,"featured_media":4780,"comment_status":"open","ping_status":"open","sticky":false,"template":"","format":"standard","meta":{"footnotes":""},"categories":[11,18],"tags":[],"class_list":["post-4779","post","type-post","status-publish","format-standard","has-post-thumbnail","hentry","category-agenda","category-lomasrelevante","entry"],"_links":{"self":[{"href":"https:\/\/lavereda.com.mx\/index.php\/wp-json\/wp\/v2\/posts\/4779","targetHints":{"allow":["GET"]}}],"collection":[{"href":"https:\/\/lavereda.com.mx\/index.php\/wp-json\/wp\/v2\/posts"}],"about":[{"href":"https:\/\/lavereda.com.mx\/index.php\/wp-json\/wp\/v2\/types\/post"}],"author":[{"embeddable":true,"href":"https:\/\/lavereda.com.mx\/index.php\/wp-json\/wp\/v2\/users\/17"}],"replies":[{"embeddable":true,"href":"https:\/\/lavereda.com.mx\/index.php\/wp-json\/wp\/v2\/comments?post=4779"}],"version-history":[{"count":2,"href":"https:\/\/lavereda.com.mx\/index.php\/wp-json\/wp\/v2\/posts\/4779\/revisions"}],"predecessor-version":[{"id":4783,"href":"https:\/\/lavereda.com.mx\/index.php\/wp-json\/wp\/v2\/posts\/4779\/revisions\/4783"}],"wp:featuredmedia":[{"embeddable":true,"href":"https:\/\/lavereda.com.mx\/index.php\/wp-json\/wp\/v2\/media\/4780"}],"wp:attachment":[{"href":"https:\/\/lavereda.com.mx\/index.php\/wp-json\/wp\/v2\/media?parent=4779"}],"wp:term":[{"taxonomy":"category","embeddable":true,"href":"https:\/\/lavereda.com.mx\/index.php\/wp-json\/wp\/v2\/categories?post=4779"},{"taxonomy":"post_tag","embeddable":true,"href":"https:\/\/lavereda.com.mx\/index.php\/wp-json\/wp\/v2\/tags?post=4779"}],"curies":[{"name":"wp","href":"https:\/\/api.w.org\/{rel}","templated":true}]}}