{"id":4775,"date":"2023-02-08T20:19:48","date_gmt":"2023-02-08T20:19:48","guid":{"rendered":"http:\/\/lavereda.com.mx\/?p=4775"},"modified":"2023-02-08T20:20:12","modified_gmt":"2023-02-08T20:20:12","slug":"fernando-becerril-actor-comprometido-y-promotor-de-la-lectura","status":"publish","type":"post","link":"https:\/\/lavereda.com.mx\/index.php\/2023\/02\/08\/fernando-becerril-actor-comprometido-y-promotor-de-la-lectura\/","title":{"rendered":"Fernando Becerril: actor comprometido y promotor de la lectura"},"content":{"rendered":"\n<ul class=\"wp-block-list\"><li><strong>Durante una d\u00e9cada realiz\u00f3 m\u00e1s de 50 lecturas en 22 estados del pa\u00eds<\/strong><\/li><\/ul>\n\n\n\n<p>La Secretar\u00eda de Cultura del Gobierno de M\u00e9xico y el Instituto Nacional de Bellas Artes y Literatura (Inbal) lamentaron el sensible fallecimiento de Fernando Becerril, actor mexicano con una amplia trayectoria en cine, teatro y televisi\u00f3n, quien mostr\u00f3 un gran compromiso y resalt\u00f3 su labor incansable como promotor de la lectura a trav\u00e9s de su colaboraci\u00f3n con el programa: \u00a1Leo\u2026 luego existo!<\/p>\n\n\n\n<p>La secretaria de Cultura federal, Alejandra Frausto Guerrero, reconoci\u00f3 a Fernando Becerril por su importante trayectoria al destacar que deja una huella imborrable en el cine, teatro y televisi\u00f3n de nuestro pa\u00eds.&nbsp;<\/p>\n\n\n\n<p>Por su parte, la titular del Inbal, Lucina Jim\u00e9nez L\u00f3pez, afirm\u00f3: \u201cLe recordaremos siempre\u201d y agradeci\u00f3 a Fernando Becerril su apoyo como generoso lector al formar parte del ciclo de lectura&nbsp;<em>Leo luego existo<\/em>, adem\u00e1s de ser un \u201cgran profesional del teatro, cine y televisi\u00f3n\u201d.<\/p>\n\n\n\n<p>Fernando Becerril inici\u00f3 su participaci\u00f3n en el programa de Extensi\u00f3n Cultural en 2013 y hasta el momento realiz\u00f3 m\u00e1s de 50 lecturas en 22 estados del pa\u00eds.<\/p>\n\n\n\n<p>Asimismo, el Inbal reconoce su destacada participaci\u00f3n en el Palacio de Bellas Artes en 2022 en la Sala&nbsp;<em>Manuel M. Ponce<\/em>&nbsp;leyendo fragmentos del libro&nbsp;<em>Los de abajo,<\/em>&nbsp;de Mariano Azuela, en la que ser\u00eda su \u00faltima lectura en este programa.<\/p>\n\n\n\n<p>En el 2021 dio lectura al texto&nbsp;<em>Visi\u00f3n de los vencidos,<\/em>&nbsp;de Miguel Le\u00f3n-Portilla, a trav\u00e9s de una lectura virtual, y particip\u00f3 con una lectura en espa\u00f1ol y n\u00e1huatl del autor Natalio Hern\u00e1ndez Xocoyotzin, en formato virtual ese mismo a\u00f1o.<\/p>\n\n\n\n<p>Su talento y trayectoria, a muy temprana edad, fueron reconocidos y en 1970, el gobierno franc\u00e9s le otorg\u00f3 una beca para estudiar en Par\u00eds, con Eduardo Manet, Andreas&nbsp;Voutzinas&nbsp;y Jean Louis&nbsp;Barrault. En Francia tambi\u00e9n form\u00f3 parte del grupo de danza contempor\u00e1nea Trudy&nbsp;Kressel.<\/p>\n\n\n\n<p>Pas\u00f3 m\u00e1s de 26 a\u00f1os en Francia, trabajando incansablemente en teatro, siendo reconocido por su trabajo en obras dirigidas por Bob Wilson, Catherine&nbsp;Daste, Jean Pierre Miquel,&nbsp;Luis&nbsp;Pascal, entre otros. En 1997 volvi\u00f3 a M\u00e9xico, donde se convirti\u00f3 en una presencia frecuente en los escenarios teatrales, en puestas como&nbsp;<em>El Rey Lear, El mercader de Venecia, La vida es un sue\u00f1o, Muerte parcial<\/em>,&nbsp;<em>12 hombres en pugna<\/em>, entre varias m\u00e1s.<\/p>\n\n\n\n<p>Uno de sus papeles m\u00e1s recordados es el de Galarza, en la cinta&nbsp;<em>El crimen del Padre Amaro<\/em>&nbsp;(2002), al que seguir\u00edan participaciones en pel\u00edculas como&nbsp;<em>Zapata \u2013 El sue\u00f1o de un h\u00e9roe<\/em>&nbsp;(2004),&nbsp;<em>La \u00faltima noche<\/em>&nbsp;(2005),&nbsp;<em>Don de Dios<\/em>&nbsp;(2005),&nbsp;<em>Drama\/Mex<\/em>&nbsp;(2006),&nbsp;<em>Morirse en domingo<\/em>&nbsp;(2006),&nbsp;<em>Kil\u00f3metro 31&nbsp;<\/em>(2006),&nbsp;<em>El b\u00fafalo de la noche<\/em>&nbsp;(2007),&nbsp;<em>Arr\u00e1ncame la vida<\/em>&nbsp;(2008),&nbsp;<em>Depositarios<\/em>&nbsp;(2010),&nbsp;<em>El atentado<\/em>&nbsp;(2010),&nbsp;<em>Tlatelolco, Verano del 68<\/em>&nbsp;(2013),&nbsp;<em>Las oscuras primaveras<\/em>&nbsp;(2014),&nbsp;<em>Los parecidos<\/em>&nbsp;(2015),&nbsp;<em>Histeria<\/em>&nbsp;(2016),&nbsp;<em>El habitante<\/em>&nbsp;(2017),&nbsp;<em>El club de los insomnes<\/em>&nbsp;(2018), por mencionar algunas.<\/p>\n","protected":false},"excerpt":{"rendered":"<p>Durante una d\u00e9cada realiz\u00f3 m\u00e1s de 50 lecturas en 22 estados del pa\u00eds La Secretar\u00eda de Cultura del Gobierno de M\u00e9xico y el Instituto Nacional de Bellas Artes y Literatura &hellip; <a href=\"https:\/\/lavereda.com.mx\/index.php\/2023\/02\/08\/fernando-becerril-actor-comprometido-y-promotor-de-la-lectura\/\" class=\"more-link\">Leer m\u00e1s<\/a><\/p>\n","protected":false},"author":1,"featured_media":4776,"comment_status":"open","ping_status":"open","sticky":false,"template":"","format":"standard","meta":{"footnotes":""},"categories":[2,18],"tags":[32,36],"class_list":["post-4775","post","type-post","status-publish","format-standard","has-post-thumbnail","hentry","category-artes-escenicas","category-lomasrelevante","tag-literatura","tag-teatro","entry"],"_links":{"self":[{"href":"https:\/\/lavereda.com.mx\/index.php\/wp-json\/wp\/v2\/posts\/4775","targetHints":{"allow":["GET"]}}],"collection":[{"href":"https:\/\/lavereda.com.mx\/index.php\/wp-json\/wp\/v2\/posts"}],"about":[{"href":"https:\/\/lavereda.com.mx\/index.php\/wp-json\/wp\/v2\/types\/post"}],"author":[{"embeddable":true,"href":"https:\/\/lavereda.com.mx\/index.php\/wp-json\/wp\/v2\/users\/1"}],"replies":[{"embeddable":true,"href":"https:\/\/lavereda.com.mx\/index.php\/wp-json\/wp\/v2\/comments?post=4775"}],"version-history":[{"count":2,"href":"https:\/\/lavereda.com.mx\/index.php\/wp-json\/wp\/v2\/posts\/4775\/revisions"}],"predecessor-version":[{"id":4778,"href":"https:\/\/lavereda.com.mx\/index.php\/wp-json\/wp\/v2\/posts\/4775\/revisions\/4778"}],"wp:featuredmedia":[{"embeddable":true,"href":"https:\/\/lavereda.com.mx\/index.php\/wp-json\/wp\/v2\/media\/4776"}],"wp:attachment":[{"href":"https:\/\/lavereda.com.mx\/index.php\/wp-json\/wp\/v2\/media?parent=4775"}],"wp:term":[{"taxonomy":"category","embeddable":true,"href":"https:\/\/lavereda.com.mx\/index.php\/wp-json\/wp\/v2\/categories?post=4775"},{"taxonomy":"post_tag","embeddable":true,"href":"https:\/\/lavereda.com.mx\/index.php\/wp-json\/wp\/v2\/tags?post=4775"}],"curies":[{"name":"wp","href":"https:\/\/api.w.org\/{rel}","templated":true}]}}