{"id":4771,"date":"2023-02-08T01:57:31","date_gmt":"2023-02-08T01:57:31","guid":{"rendered":"http:\/\/lavereda.com.mx\/?p=4771"},"modified":"2023-02-08T01:57:32","modified_gmt":"2023-02-08T01:57:32","slug":"los-riesgos-del-ocio-52","status":"publish","type":"post","link":"https:\/\/lavereda.com.mx\/index.php\/2023\/02\/08\/los-riesgos-del-ocio-52\/","title":{"rendered":"Los riesgos del ocio"},"content":{"rendered":"\n<p>Una de las cosas que me aterrorizaban m\u00e1s cuando era mam\u00e1, era enfermar. Pensar que cualquier gripa, c\u00f3lico, torcedura, infecci\u00f3n, podr\u00eda quitarme la habilidad de ser madre y convertirme en un zombi producto de cualquier medicamento, desde una aspirina hasta antibi\u00f3tico, me asustaba. Sab\u00eda que, sin importar lo que me recetaran, as\u00ed fuera el tratamiento m\u00e1s ligero, invariablemente me iba a dar sue\u00f1o; y me iba a inutilizar, no iba a poder cumplir mis labores cotidianas, sobre todo la que m\u00e1s me apuraba en esos d\u00edas, que era el cuidado de los hijos.<\/p>\n\n\n\n<p>Con el tiempo, especialmente porque dej\u00e9 de ser madre, he tratado de superar esa sensaci\u00f3n de susto ante la enfermedad.&nbsp;<\/p>\n\n\n\n<p>Me he dado el gusto de seguir un tratamiento completo la \u00faltima vez que tuve infecci\u00f3n en la garganta; guard\u00e9 reposo cuando me toc\u00f3 tener influenza; me contuve y esper\u00e9 a que dieran de alta mi tobillo fracturado.<\/p>\n\n\n\n<p>Sin embargo, persiste, por el hecho de ser mujer, no le veo otra explicaci\u00f3n, ese peque\u00f1o espacio lleno del temor a enfermar y convertirme en una carga para los dem\u00e1s. En volverme ese ser que requiere de los cuidados que se supone yo deber\u00eda proveer al mundo. Hay una especie de p\u00e1nico femenino en la certeza de que nadie va a poder o a querer atenderte, porque la \u00fanica capacitada para hacerlo, eres t\u00fa.<\/p>\n\n\n\n<p>Hoy me encuentro en espera de resultados de estudios m\u00e9dicos que me tienen detenida. Mi mundo se ha paralizado desde hace tres semanas que comenzamos con consultas, radiograf\u00edas, ultrasonidos, m\u00e1s consultas y dem\u00e1s. Pero he usado una conjugaci\u00f3n verbal en la frase anterior que vuelve importante esta expectaci\u00f3n.<\/p>\n\n\n\n<p>No soy yo sola. Poco a poco voy cediendo a la tentaci\u00f3n de no solicitar apoyo, de v\u00e9rmelas sola, de decir \u201cyo puedo, nadie m\u00e1s necesita enterarse\u201d y he convertido este tiempo suspendido en un tiempo suspendido compartido.&nbsp;<\/p>\n\n\n\n<p>Ya no soy mam\u00e1, as\u00ed que ya no tengo a qui\u00e9n proteger, pero s\u00ed merezco estar acompa\u00f1ada y protegida, sin mayor raz\u00f3n.&nbsp;<\/p>\n\n\n\n<p>No es necesario hacerme la valiente todo el d\u00eda, no debo fingir que no siento dolor, debo compartir mis sentimientos, miedos y esperanzas, porque es lo justo, porque como mujer tambi\u00e9n tengo el derecho a enfermarme y a tener qui\u00e9n cuide de m\u00ed, de alguien que, de pronto, cuando es necesario, se haga cargo de todo durante el d\u00eda a d\u00eda.&nbsp;<\/p>\n","protected":false},"excerpt":{"rendered":"<p>Una de las cosas que me aterrorizaban m\u00e1s cuando era mam\u00e1, era enfermar. Pensar que cualquier gripa, c\u00f3lico, torcedura, infecci\u00f3n, podr\u00eda quitarme la habilidad de ser madre y convertirme en &hellip; <a href=\"https:\/\/lavereda.com.mx\/index.php\/2023\/02\/08\/los-riesgos-del-ocio-52\/\" class=\"more-link\">Leer m\u00e1s<\/a><\/p>\n","protected":false},"author":11,"featured_media":4772,"comment_status":"open","ping_status":"open","sticky":false,"template":"","format":"standard","meta":{"footnotes":""},"categories":[18,9],"tags":[],"class_list":["post-4771","post","type-post","status-publish","format-standard","has-post-thumbnail","hentry","category-lomasrelevante","category-opinion","entry"],"_links":{"self":[{"href":"https:\/\/lavereda.com.mx\/index.php\/wp-json\/wp\/v2\/posts\/4771","targetHints":{"allow":["GET"]}}],"collection":[{"href":"https:\/\/lavereda.com.mx\/index.php\/wp-json\/wp\/v2\/posts"}],"about":[{"href":"https:\/\/lavereda.com.mx\/index.php\/wp-json\/wp\/v2\/types\/post"}],"author":[{"embeddable":true,"href":"https:\/\/lavereda.com.mx\/index.php\/wp-json\/wp\/v2\/users\/11"}],"replies":[{"embeddable":true,"href":"https:\/\/lavereda.com.mx\/index.php\/wp-json\/wp\/v2\/comments?post=4771"}],"version-history":[{"count":1,"href":"https:\/\/lavereda.com.mx\/index.php\/wp-json\/wp\/v2\/posts\/4771\/revisions"}],"predecessor-version":[{"id":4773,"href":"https:\/\/lavereda.com.mx\/index.php\/wp-json\/wp\/v2\/posts\/4771\/revisions\/4773"}],"wp:featuredmedia":[{"embeddable":true,"href":"https:\/\/lavereda.com.mx\/index.php\/wp-json\/wp\/v2\/media\/4772"}],"wp:attachment":[{"href":"https:\/\/lavereda.com.mx\/index.php\/wp-json\/wp\/v2\/media?parent=4771"}],"wp:term":[{"taxonomy":"category","embeddable":true,"href":"https:\/\/lavereda.com.mx\/index.php\/wp-json\/wp\/v2\/categories?post=4771"},{"taxonomy":"post_tag","embeddable":true,"href":"https:\/\/lavereda.com.mx\/index.php\/wp-json\/wp\/v2\/tags?post=4771"}],"curies":[{"name":"wp","href":"https:\/\/api.w.org\/{rel}","templated":true}]}}