{"id":4768,"date":"2023-02-08T00:34:31","date_gmt":"2023-02-08T00:34:31","guid":{"rendered":"http:\/\/lavereda.com.mx\/?p=4768"},"modified":"2023-02-08T03:07:42","modified_gmt":"2023-02-08T03:07:42","slug":"se-expondra-el-cuerpo-de-felix-arias-valenzuela-en-la-galeria-del-tim","status":"publish","type":"post","link":"https:\/\/lavereda.com.mx\/index.php\/2023\/02\/08\/se-expondra-el-cuerpo-de-felix-arias-valenzuela-en-la-galeria-del-tim\/","title":{"rendered":"Se expondr\u00e1 \u201cEl&nbsp; cuerpo\u201d de F\u00e9lix Arias Valenzuela en la Galer\u00eda del TIM"},"content":{"rendered":"\n<p>La exposici\u00f3n \u201cEl cuerpo\u201d de F\u00e9lix Arias Valenzuela ser\u00e1 inaugurada el jueves 9 de febrero a las 7:30 pm en el Teatro Isauro Mart\u00ednez.<\/p>\n\n\n\n<p>Arias Valenzuela, artista pl\u00e1stico originario de Guadalupe Victoria, Durango,&nbsp; falleci\u00f3 en Torre\u00f3n, Coahuila, en el a\u00f1o 2011. Construy\u00f3 un testamento pl\u00e1stico que lleva a cuestas la idea natural de la muerte; existencia singular de una conciencia que es origen&nbsp; de angustia, pero que al mismo tiempo, da sentido a la vida.<\/p>\n\n\n\n<p>La obra de F\u00e9lix Arias no es decorativa en su caso, la especificidad y lo ideol\u00f3gico configuran su historia,&nbsp; curioso y de pensamiento cr\u00edtico acucioso, en la Comarca Lagunera estudi\u00f3 una carrera t\u00e9cnica en qu\u00edmica que le permiti\u00f3 trabajar en un laboratorio,&nbsp; y luego, estudi\u00f3 dise\u00f1o gr\u00e1fico.&nbsp;<\/p>\n\n\n\n<p>Emigr\u00f3 a la Ciudad de M\u00e9xico, decisi\u00f3n que le permiti\u00f3 adquirir una alta especializaci\u00f3n en ciencias y artes. En la Universidad Nacional Aut\u00f3noma de M\u00e9xico estudi\u00f3 la licenciatura en sociolog\u00eda, y tambi\u00e9n, en la Academia de San Carlos,&nbsp; se gradu\u00f3 como pintor y escultor.<\/p>\n\n\n\n<p>Con&nbsp; el dominio de los idiomas ingl\u00e9s y franc\u00e9s, se acerc\u00f3 a te\u00f3ricos y artistas de manera m\u00e1s profunda. As\u00ed vincul\u00f3 a la ciencia social y el arte, demostrando gran ingenio y maestr\u00eda en cuanto a la utilizaci\u00f3n de materiales y soportes, algunos considerados humildes&nbsp; como el papel revoluci\u00f3n y el papel de china, configurando colecciones de arte moderno de gran calidad discursiva. Regres\u00f3 a La Laguna a mediados de la d\u00e9cada de los ochenta refrescando as\u00ed la panor\u00e1mica art\u00edstica local.<\/p>\n\n\n\n<p>Reconocido por los creadores de su generaci\u00f3n pero fuera del foco de la poblaci\u00f3n, se desconoce tambi\u00e9n que F\u00e9lix Arias adem\u00e1s fue editor en el diario La Opini\u00f3n y por un breve tiempo director de La Opini\u00f3n de la Tarde, tabloide que en La Laguna abri\u00f3 mercado al contenido&nbsp; enfocado en la nota polic\u00edaca descarnada. Lector voraz, fue un gran cr\u00edtico de su tiempo.&nbsp;<\/p>\n\n\n\n<p>Se identificaba y respetaba la cultura que emanaba del pueblo, la naturaleza, las costumbres. Es por ello que disfrutaba la visita a sitios populares: en cantinas de barrios y mercados hablaba con obreros y meseras quienes con sencillez le mostraron la alegr\u00eda a pesar de la dureza de la vida, y la iron\u00eda socarrona lanzada al vuelo a trav\u00e9s del albur.<\/p>\n\n\n\n<p>F\u00e9lix&nbsp; Arias mostr\u00f3 abiertamente el desprecio que sent\u00eda por la conmiseraci\u00f3n que se hac\u00eda del pobre a trav\u00e9s de la caridad, que sin duda lleva un plato a la boca del hambriento pero no lo aleja del estado de abandono en que se encuentra.&nbsp;<\/p>\n\n\n\n<p>Fue&nbsp; un hombre indoblegable en su proceso de creaci\u00f3n, y sus conversaciones, mordaces y cultas a un mismo tiempo, abarcaron moda, desarrollo industrial, pol\u00edtica p\u00fablica, violencia social, periodismo y arte moderno, entre otros t\u00f3picos, rehusando la evasi\u00f3n de&nbsp; la realidad. Vivi\u00f3 en una comprensi\u00f3n amplia de la libertad, pintando lo que se amotinaba en su mente, lapidando mitos y mostrando el dolor que causa el deseo homosexual, motivo de castigo y purgaci\u00f3n, de recriminaci\u00f3n social y exclusi\u00f3n de un para\u00edso.<\/p>\n","protected":false},"excerpt":{"rendered":"<p>La exposici\u00f3n \u201cEl cuerpo\u201d de F\u00e9lix Arias Valenzuela ser\u00e1 inaugurada el jueves 9 de febrero a las 7:30 pm en el Teatro Isauro Mart\u00ednez. Arias Valenzuela, artista pl\u00e1stico originario de &hellip; <a href=\"https:\/\/lavereda.com.mx\/index.php\/2023\/02\/08\/se-expondra-el-cuerpo-de-felix-arias-valenzuela-en-la-galeria-del-tim\/\" class=\"more-link\">Leer m\u00e1s<\/a><\/p>\n","protected":false},"author":17,"featured_media":4769,"comment_status":"open","ping_status":"open","sticky":false,"template":"","format":"standard","meta":{"footnotes":""},"categories":[3,18],"tags":[],"class_list":["post-4768","post","type-post","status-publish","format-standard","has-post-thumbnail","hentry","category-artes-visuales","category-lomasrelevante","entry"],"_links":{"self":[{"href":"https:\/\/lavereda.com.mx\/index.php\/wp-json\/wp\/v2\/posts\/4768","targetHints":{"allow":["GET"]}}],"collection":[{"href":"https:\/\/lavereda.com.mx\/index.php\/wp-json\/wp\/v2\/posts"}],"about":[{"href":"https:\/\/lavereda.com.mx\/index.php\/wp-json\/wp\/v2\/types\/post"}],"author":[{"embeddable":true,"href":"https:\/\/lavereda.com.mx\/index.php\/wp-json\/wp\/v2\/users\/17"}],"replies":[{"embeddable":true,"href":"https:\/\/lavereda.com.mx\/index.php\/wp-json\/wp\/v2\/comments?post=4768"}],"version-history":[{"count":2,"href":"https:\/\/lavereda.com.mx\/index.php\/wp-json\/wp\/v2\/posts\/4768\/revisions"}],"predecessor-version":[{"id":4774,"href":"https:\/\/lavereda.com.mx\/index.php\/wp-json\/wp\/v2\/posts\/4768\/revisions\/4774"}],"wp:featuredmedia":[{"embeddable":true,"href":"https:\/\/lavereda.com.mx\/index.php\/wp-json\/wp\/v2\/media\/4769"}],"wp:attachment":[{"href":"https:\/\/lavereda.com.mx\/index.php\/wp-json\/wp\/v2\/media?parent=4768"}],"wp:term":[{"taxonomy":"category","embeddable":true,"href":"https:\/\/lavereda.com.mx\/index.php\/wp-json\/wp\/v2\/categories?post=4768"},{"taxonomy":"post_tag","embeddable":true,"href":"https:\/\/lavereda.com.mx\/index.php\/wp-json\/wp\/v2\/tags?post=4768"}],"curies":[{"name":"wp","href":"https:\/\/api.w.org\/{rel}","templated":true}]}}