{"id":4762,"date":"2023-02-04T02:07:47","date_gmt":"2023-02-04T02:07:47","guid":{"rendered":"http:\/\/lavereda.com.mx\/?p=4762"},"modified":"2023-02-04T02:07:49","modified_gmt":"2023-02-04T02:07:49","slug":"llega-rembrandt-por-primera-vez-a-coahuila-en-el-museo-arocena","status":"publish","type":"post","link":"https:\/\/lavereda.com.mx\/index.php\/2023\/02\/04\/llega-rembrandt-por-primera-vez-a-coahuila-en-el-museo-arocena\/","title":{"rendered":"Llega Rembrandt por primera vez a Coahuila, en el Museo Arocena"},"content":{"rendered":"\n<ul class=\"wp-block-list\"><li>El gran maestro holand\u00e9s del barroco llega a la ciudad de Torre\u00f3n con la exposici\u00f3n\u00a0<em>La diosa de la casa de Rembrandt. Palas Atenea<\/em>, que abrir\u00e1 sus puertas el pr\u00f3ximo 9 de febrero en el Museo Arocena.\u00a0<\/li><\/ul>\n\n\n\n<p>El Museo Arocena, en conjunto con la Secretar\u00eda de Cultura y el Instituto Nacional de Bellas Artes y Literatura (INBAL), a trav\u00e9s del Museo Nacional de Arte (MUNAL), anunci\u00f3 la apertura de una gran exposici\u00f3n:&nbsp;<em>La diosa de la casa de Rembrandt. Palas Atenea.&nbsp;<\/em><\/p>\n\n\n\n<p>Se trata, seguramente, de una de las exposicones de arte m\u00e1s relevantes que llegar\u00e1n a la Comarca Lagunera y al norte del pa\u00eds en el 2023. Asimismo, una muestra que propiciar\u00e1 un espacio de reflexi\u00f3n y apreciaci\u00f3n del arte muy valioso para la comunidad laguenera.<\/p>\n\n\n\n<p>Conformada por obras de Rembrandt van Rijn, el gran maestro holand\u00e9s del barroco, la pieza estelar de la muestra es el retrato de&nbsp;<em>Palas Atenea<\/em>, \u00f3leo procedente de una colecci\u00f3n particular europea, que por primera vez se exhibir\u00e1 en el Estado de Coahuila.&nbsp;<\/p>\n\n\n\n<p>En esta obra, Rembrandt utiliz\u00f3 como modelo a Hendrickje Sttofels, compa\u00f1era sentimental, madre de su hija Cornelia, as\u00ed como musa de sus retratos. Pintada para el connotado Festival del Gremio de pintores de San Lucas de \u00c1msterdam hacia 1654 \u2013y cercana en iconograf\u00eda al cuadro de Alejandro de Macedonia que conserva el Museo Calouste Gulbenkian de Lisboa\u2013 se trata de una espl\u00e9ndida pieza en la que Hendrickje aparece de tres cuartos con yelmo, armadura y escudo de exquisitas tonalidades met\u00e1licas.&nbsp;<\/p>\n\n\n\n<p>La capa de vivo rojo, muy probablemente pigmentada con la grana americana, contrasta con el fondo en penumbra. Una luz cenital proveniente del extremo superior derecho del cuadro imprime expresi\u00f3n y solemnidad a la diosa griega, acaso como una met\u00e1fora de la fortaleza de la modelo para vivir fuera del matrimonio con un artista y as\u00ed encargarse de la administraci\u00f3n familiar y venta de sus pinturas. La perla que pende de la oreja es un gui\u00f1o, inteligente y sutil, con el que Rembrandt defendi\u00f3 de las cr\u00edticas sociales a quien fuera la \u00faltima gran mujer de su vida.&nbsp;<\/p>\n\n\n\n<p>El Instituto Nacional de Bellas Artes y Literatura, a trav\u00e9s del Museo Nacional de Arte, y el Museo Arocena se honran en presentar al p\u00fablico coahuilense esta emblem\u00e1tica obra, anteriormente exhibida en el recinto del Centro Hist\u00f3rico de la Ciudad de M\u00e9xico, as\u00ed como en el Museo de Guadalupe, en Zacatecas.&nbsp;<\/p>\n\n\n\n<p>La muestra se enriquece con un espl\u00e9ndido retrato de Rembrandt, con alrededor de veinticinco a\u00f1os de edad, atribuido a Gerrit Dou (1613-1675), su m\u00e1s destacado disc\u00edpulo. Asimismo, dos dibujos y una estampa que forman parte de la serie de mendigos realizados por el artista \u2013a partir de la obra del grabador franc\u00e9s Jacques Callot (1592-1635)\u2013 complementan esta exposici\u00f3n de gabinete en torno al gran maestro de la pintura neerlandesa.&nbsp;<\/p>\n\n\n\n<p><em>La diosa de la casa de Rembrandt. Palas Atenea\u00a0<\/em>abrir\u00e1 sus puertas el pr\u00f3ximo 9 de febrero y permanecer\u00e1 hasta el 28 de mayo para el disfrute de todos sus p\u00fablicos.\u00a0<\/p>\n\n\n\n<p><strong>Rembrandt van Rijn&nbsp;<\/strong><\/p>\n\n\n\n<p>Rembrandt van Rijn naci\u00f3 el 15 de julio de 1606 en Leiden, Pa\u00edses Bajos. Hijo de un acomodado molinero holand\u00e9s, a la prematura edad de 13 a\u00f1os se matricul\u00f3 en la universidad de su ciudad natal, pero pronto abandon\u00f3 sus estudios para convertirse en pintor, bajo la tutela de grandes maestros del Siglo de Oro neerland\u00e9s como Jacob Isaacsz van Swanenburg y Pieter Lastman. Despu\u00e9s de asociarse con el pintor holand\u00e9s Jan Lievens para montar un taller de pintura, a los 25 a\u00f1os Rembrandt se mud\u00f3 al centro mercantil de \u00c1msterdam para trabajar como retratista, bajo la direcci\u00f3n del marchante de arte Hendrick van Uylenburgh, primo de Saskia, una opulenta joven quien se convertir\u00eda en la primera esposa del artista. En dicha ciudad, y a lo largo de poco m\u00e1s de una d\u00e9cada, Rembrandt gozar\u00eda de un significativo \u00e9xito comercial con sus obras, las cuales fueron muy apreciadas por los eruditos contempor\u00e1neos. Esta ser\u00eda la \u00e9poca donde producir\u00eda algunas de sus m\u00e1s ic\u00f3nicas pinturas:&nbsp;<em>Lecci\u00f3n de anatom\u00eda del Dr. Nicolaes Tulp&nbsp;<\/em>(1632);&nbsp;<em>La tormenta en el mar de Galilea&nbsp;<\/em>(1633);&nbsp;<em>El sacrificio de Isaac&nbsp;<\/em>(1635);&nbsp;<em>El hijo pr\u00f3digo en la taberna&nbsp;<\/em>(1635);&nbsp;<em>Sans\u00f3n cegado por los filisteos&nbsp;<\/em>(1636);&nbsp;<em>D\u00e1nae&nbsp;<\/em>(1636);&nbsp;<em>El fest\u00edn de Baltasar&nbsp;<\/em>(1936-38); la&nbsp;<em>ronda de noche&nbsp;<\/em>(1942), entre muchas otras.&nbsp;<\/p>\n\n\n\n<p>Despu\u00e9s de haber perdido tres hijos, y tras el fallecimiento de Saskia en 1642 \u2013luego de dar a luz a su cuarto hijo llamado Titus\u2013, la popularidad de Rembrandt decreci\u00f3 y sus deudas se acrecentaron (esto a pesar de heredar una fortuna considerable por parte de Saskia). Varias mujeres ocuparon el papel de amas de casa de la familia Rembrandt durante los a\u00f1os siguientes, entre quienes destac\u00f3 Hendrickje Sttofels.&nbsp;<\/p>\n\n\n\n<p>La llegada de Hendrickje, hija de un soldado del oeste de M\u00fcnsterland, fue la salvaguarda para la vida personal y art\u00edstica del pintor. Ser\u00eda precisamente ella quien se encargar\u00eda de ayudarlo a superar su crisis econ\u00f3mica y personal. El gran historiador del arte, Werner Sumowski suscribe:\u00a0<em>Los retratos del Louvre y la National Gallery de Londres son representaciones relativamente fiables de ella. <\/em><\/p>\n\n\n\n<p><strong>Foto: <em>Hendrickje Stoffels como Palas Atenea ca<\/em>. 1654\u00a0Rembrandt van Rijn\u00a0Colecci\u00f3n particular<\/strong><\/p>\n","protected":false},"excerpt":{"rendered":"<p>El gran maestro holand\u00e9s del barroco llega a la ciudad de Torre\u00f3n con la exposici\u00f3n\u00a0La diosa de la casa de Rembrandt. Palas Atenea, que abrir\u00e1 sus puertas el pr\u00f3ximo 9 &hellip; <a href=\"https:\/\/lavereda.com.mx\/index.php\/2023\/02\/04\/llega-rembrandt-por-primera-vez-a-coahuila-en-el-museo-arocena\/\" class=\"more-link\">Leer m\u00e1s<\/a><\/p>\n","protected":false},"author":9,"featured_media":4763,"comment_status":"open","ping_status":"open","sticky":false,"template":"","format":"standard","meta":{"footnotes":""},"categories":[3,18],"tags":[],"class_list":["post-4762","post","type-post","status-publish","format-standard","has-post-thumbnail","hentry","category-artes-visuales","category-lomasrelevante","entry"],"_links":{"self":[{"href":"https:\/\/lavereda.com.mx\/index.php\/wp-json\/wp\/v2\/posts\/4762","targetHints":{"allow":["GET"]}}],"collection":[{"href":"https:\/\/lavereda.com.mx\/index.php\/wp-json\/wp\/v2\/posts"}],"about":[{"href":"https:\/\/lavereda.com.mx\/index.php\/wp-json\/wp\/v2\/types\/post"}],"author":[{"embeddable":true,"href":"https:\/\/lavereda.com.mx\/index.php\/wp-json\/wp\/v2\/users\/9"}],"replies":[{"embeddable":true,"href":"https:\/\/lavereda.com.mx\/index.php\/wp-json\/wp\/v2\/comments?post=4762"}],"version-history":[{"count":1,"href":"https:\/\/lavereda.com.mx\/index.php\/wp-json\/wp\/v2\/posts\/4762\/revisions"}],"predecessor-version":[{"id":4764,"href":"https:\/\/lavereda.com.mx\/index.php\/wp-json\/wp\/v2\/posts\/4762\/revisions\/4764"}],"wp:featuredmedia":[{"embeddable":true,"href":"https:\/\/lavereda.com.mx\/index.php\/wp-json\/wp\/v2\/media\/4763"}],"wp:attachment":[{"href":"https:\/\/lavereda.com.mx\/index.php\/wp-json\/wp\/v2\/media?parent=4762"}],"wp:term":[{"taxonomy":"category","embeddable":true,"href":"https:\/\/lavereda.com.mx\/index.php\/wp-json\/wp\/v2\/categories?post=4762"},{"taxonomy":"post_tag","embeddable":true,"href":"https:\/\/lavereda.com.mx\/index.php\/wp-json\/wp\/v2\/tags?post=4762"}],"curies":[{"name":"wp","href":"https:\/\/api.w.org\/{rel}","templated":true}]}}