{"id":474,"date":"2020-08-19T15:13:10","date_gmt":"2020-08-19T15:13:10","guid":{"rendered":"http:\/\/lavereda.com.mx\/?p=474"},"modified":"2020-08-19T15:13:13","modified_gmt":"2020-08-19T15:13:13","slug":"charla-virtual-tulitas-de-torreon","status":"publish","type":"post","link":"https:\/\/lavereda.com.mx\/index.php\/2020\/08\/19\/charla-virtual-tulitas-de-torreon\/","title":{"rendered":"Charla virtual \u00abTulitas de Torre\u00f3n\u00bb"},"content":{"rendered":"\n<p><em>Tulitas de Torre\u00f3n. Reminiscencias de una vida en M\u00e9xico,<\/em> es una reimpresi\u00f3n del libro que vio la luz por vez primera en 1969, donde la hija de Federico Wulff es la voz narrativa quien platica sobre su joven vida en la Comarca Lagunera. La publicaci\u00f3n es autorizada por su traductor, Fernando Fabio S\u00e1nchez.<\/p>\n\n\n\n<p>El Archivo Municipal presentar\u00e1 una charla virtual con Fernando Fabio, escritor lagunero, Premio Magdalena Mondrag\u00f3n en 1995 y con Carlos Casta\u00f1\u00f3n, director de la instituci\u00f3n. La cita es este jueves 20 de agosto a las 10:30 horas, desde el escenario del Museo Casa del Cerro, v\u00eda la p\u00e1gina de Facebook del Archivo.<\/p>\n","protected":false},"excerpt":{"rendered":"<p>Tulitas de Torre\u00f3n. Reminiscencias de una vida en M\u00e9xico, es una reimpresi\u00f3n del libro que vio la luz por vez primera en 1969, donde la hija de Federico Wulff es &hellip; <a href=\"https:\/\/lavereda.com.mx\/index.php\/2020\/08\/19\/charla-virtual-tulitas-de-torreon\/\" class=\"more-link\">Leer m\u00e1s<\/a><\/p>\n","protected":false},"author":1,"featured_media":475,"comment_status":"open","ping_status":"open","sticky":false,"template":"","format":"standard","meta":{"footnotes":""},"categories":[11],"tags":[],"class_list":["post-474","post","type-post","status-publish","format-standard","has-post-thumbnail","hentry","category-agenda","entry"],"_links":{"self":[{"href":"https:\/\/lavereda.com.mx\/index.php\/wp-json\/wp\/v2\/posts\/474","targetHints":{"allow":["GET"]}}],"collection":[{"href":"https:\/\/lavereda.com.mx\/index.php\/wp-json\/wp\/v2\/posts"}],"about":[{"href":"https:\/\/lavereda.com.mx\/index.php\/wp-json\/wp\/v2\/types\/post"}],"author":[{"embeddable":true,"href":"https:\/\/lavereda.com.mx\/index.php\/wp-json\/wp\/v2\/users\/1"}],"replies":[{"embeddable":true,"href":"https:\/\/lavereda.com.mx\/index.php\/wp-json\/wp\/v2\/comments?post=474"}],"version-history":[{"count":1,"href":"https:\/\/lavereda.com.mx\/index.php\/wp-json\/wp\/v2\/posts\/474\/revisions"}],"predecessor-version":[{"id":476,"href":"https:\/\/lavereda.com.mx\/index.php\/wp-json\/wp\/v2\/posts\/474\/revisions\/476"}],"wp:featuredmedia":[{"embeddable":true,"href":"https:\/\/lavereda.com.mx\/index.php\/wp-json\/wp\/v2\/media\/475"}],"wp:attachment":[{"href":"https:\/\/lavereda.com.mx\/index.php\/wp-json\/wp\/v2\/media?parent=474"}],"wp:term":[{"taxonomy":"category","embeddable":true,"href":"https:\/\/lavereda.com.mx\/index.php\/wp-json\/wp\/v2\/categories?post=474"},{"taxonomy":"post_tag","embeddable":true,"href":"https:\/\/lavereda.com.mx\/index.php\/wp-json\/wp\/v2\/tags?post=474"}],"curies":[{"name":"wp","href":"https:\/\/api.w.org\/{rel}","templated":true}]}}