{"id":4724,"date":"2023-01-28T17:15:26","date_gmt":"2023-01-28T17:15:26","guid":{"rendered":"http:\/\/lavereda.com.mx\/?p=4724"},"modified":"2023-01-28T17:15:28","modified_gmt":"2023-01-28T17:15:28","slug":"el-canto-del-cisne","status":"publish","type":"post","link":"https:\/\/lavereda.com.mx\/index.php\/2023\/01\/28\/el-canto-del-cisne\/","title":{"rendered":"El canto del cisne"},"content":{"rendered":"\n<p><strong>Swan Song. 2021<\/strong><\/p>\n\n\n\n<p>Apple TV+<\/p>\n\n\n\n<p>Interesante reflexi\u00f3n sobre los problemas de la clonaci\u00f3n humana.<\/p>\n\n\n\n<p>Cuando Cameron (Mahershala Ali) es diagnosticado con una enfermedad terminal, siente que su mundo se desmorona. Sin embargo, una cient\u00edfica le ofrece una soluci\u00f3n extrema y poco explorada: proporcionarle un clon para que lo reemplace, sin que lo sepa su esposa, mientras \u00e9l, desahuciado, deja que su vida se extinga en un refugio paradisiaco, apartado del mundo.<\/p>\n\n\n\n<p>Sin embargo, el plan no resulta como se supone, pues el hombre sustituido, siente que todav\u00eda puede amar a su mujer, lo que lo hace tener dudas sobre su decisi\u00f3n. El problema es que su doble tambi\u00e9n puede tomar decisiones propias y, de hecho, ya ha ocupado c\u00f3modamente su lugar en el hogar.<\/p>\n\n\n\n<p>La historia de ciencia ficci\u00f3n creada por el debutante Benjamin Cleary afortunadamente toma distancia de lo que podr\u00eda ser la exhibici\u00f3n de tecnolog\u00eda, para concentrarse en profundos dilemas filos\u00f3ficos sobre la creaci\u00f3n de seres id\u00e9nticos.<\/p>\n\n\n\n<p>En este caso, Cameron tiene muchas vacilaciones, pues considera que tal vez lo mejor fue decirle la verdad a su esposa, en lugar de utilizar un truco extremo para hacerla feliz, conden\u00e1ndose a morir en vida.<\/p>\n\n\n\n<p>La alteraci\u00f3n del orden natural, mediante la multiplicaci\u00f3n artificial de formas de vida, va a tener graves consecuencias, se advierte aqu\u00ed.<\/p>\n\n\n\n<p>Es un drama inteligente que abre interrogantes que inquietan.<\/p>\n\n\n\n<p>(PG-13. Orientaci\u00f3n de los padres a menores de 13 a\u00f1os)<\/p>\n\n\n\n<p>@LucianoCamposG<\/p>\n\n\n\n<figure class=\"wp-block-embed is-type-video is-provider-youtube wp-block-embed-youtube wp-embed-aspect-16-9 wp-has-aspect-ratio\"><div class=\"wp-block-embed__wrapper\">\n<iframe title=\"El canto del cisne \u2014 Tr\u00e1iler oficial | Apple TV+\" width=\"1170\" height=\"658\" src=\"https:\/\/www.youtube.com\/embed\/sP4-gs9v4No?feature=oembed\" frameborder=\"0\" allow=\"accelerometer; autoplay; clipboard-write; encrypted-media; gyroscope; picture-in-picture; web-share\" allowfullscreen><\/iframe>\n<\/div><\/figure>\n","protected":false},"excerpt":{"rendered":"<p>Swan Song. 2021 Apple TV+ Interesante reflexi\u00f3n sobre los problemas de la clonaci\u00f3n humana. Cuando Cameron (Mahershala Ali) es diagnosticado con una enfermedad terminal, siente que su mundo se desmorona. &hellip; <a href=\"https:\/\/lavereda.com.mx\/index.php\/2023\/01\/28\/el-canto-del-cisne\/\" class=\"more-link\">Leer m\u00e1s<\/a><\/p>\n","protected":false},"author":3,"featured_media":4725,"comment_status":"open","ping_status":"open","sticky":false,"template":"","format":"standard","meta":{"footnotes":""},"categories":[6,7],"tags":[40],"class_list":["post-4724","post","type-post","status-publish","format-standard","has-post-thumbnail","hentry","category-cinetv","category-entretenimiento","tag-cine","entry"],"_links":{"self":[{"href":"https:\/\/lavereda.com.mx\/index.php\/wp-json\/wp\/v2\/posts\/4724","targetHints":{"allow":["GET"]}}],"collection":[{"href":"https:\/\/lavereda.com.mx\/index.php\/wp-json\/wp\/v2\/posts"}],"about":[{"href":"https:\/\/lavereda.com.mx\/index.php\/wp-json\/wp\/v2\/types\/post"}],"author":[{"embeddable":true,"href":"https:\/\/lavereda.com.mx\/index.php\/wp-json\/wp\/v2\/users\/3"}],"replies":[{"embeddable":true,"href":"https:\/\/lavereda.com.mx\/index.php\/wp-json\/wp\/v2\/comments?post=4724"}],"version-history":[{"count":1,"href":"https:\/\/lavereda.com.mx\/index.php\/wp-json\/wp\/v2\/posts\/4724\/revisions"}],"predecessor-version":[{"id":4726,"href":"https:\/\/lavereda.com.mx\/index.php\/wp-json\/wp\/v2\/posts\/4724\/revisions\/4726"}],"wp:featuredmedia":[{"embeddable":true,"href":"https:\/\/lavereda.com.mx\/index.php\/wp-json\/wp\/v2\/media\/4725"}],"wp:attachment":[{"href":"https:\/\/lavereda.com.mx\/index.php\/wp-json\/wp\/v2\/media?parent=4724"}],"wp:term":[{"taxonomy":"category","embeddable":true,"href":"https:\/\/lavereda.com.mx\/index.php\/wp-json\/wp\/v2\/categories?post=4724"},{"taxonomy":"post_tag","embeddable":true,"href":"https:\/\/lavereda.com.mx\/index.php\/wp-json\/wp\/v2\/tags?post=4724"}],"curies":[{"name":"wp","href":"https:\/\/api.w.org\/{rel}","templated":true}]}}