{"id":4712,"date":"2023-01-25T19:56:57","date_gmt":"2023-01-25T19:56:57","guid":{"rendered":"http:\/\/lavereda.com.mx\/?p=4712"},"modified":"2023-01-25T19:57:32","modified_gmt":"2023-01-25T19:57:32","slug":"mendelssohn-y-otros-autores-sonaran-con-la-camerata","status":"publish","type":"post","link":"https:\/\/lavereda.com.mx\/index.php\/2023\/01\/25\/mendelssohn-y-otros-autores-sonaran-con-la-camerata\/","title":{"rendered":"Mendelssohn y otros autores, sonar\u00e1n con la Camerata"},"content":{"rendered":"\n<ul class=\"wp-block-list\"><li><em>El violonchelista mexicano Carlos Castillo participar\u00e1 como solista en el segundo concierto de la Temporada Primavera Verano 2023.<\/em><\/li><\/ul>\n\n\n\n<p>Mendelssohn, Prokofiev y Max Bruch son los autores que conforman el segundo concierto de la temporada Primavera Verano 2023, que contar\u00e1 con la participaci\u00f3n del cellista chihuahuense Carlos Castillo, bajo la direcci\u00f3n del Maestro Ethan Eager.<\/p>\n\n\n\n<p>El programa contar\u00e1 con la Obertura sobre temas jud\u00edos, Op. 34 de Sergey Prokofiev, Kol Nidrei, Op. 47 de Max Bruch y Sinfon\u00eda No. 5 en Re, \u201cDe la Reforma\u201d,&nbsp;Op. 107 de F\u00e9lix Mendelssohn.<\/p>\n\n\n\n<p>La Sinfon\u00eda&nbsp;\u201cde la Reforma\u00bb fue as\u00ed concebida para celebrar el triunfo del protestantismo, representado en el final por el coral de Lutero \u00abEin feste Burg\u00bb, sobre el catolicismo, que se representa muy brevemente al comienzo de la Sinfon\u00eda en una hermosa, pero simb\u00f3licamente anticuada polifon\u00eda palestrina.<\/p>\n\n\n\n<p>Carlos Castillo es violonchelista mexicano, licenciado por el Sistema Nacional del Fomento musical, dentro del Proyecto Orquesta Escuela Carlos Ch\u00e1vez. Ha sido acreedor de becas del FONCA y de la UNAM.<\/p>\n\n\n\n<p>Ha participado en diversos conciertos y proyectos de la Orquesta Juvenil Carlos Ch\u00e1vez as\u00ed como en el estreno de varias obras, grabaciones, cursos de m\u00fasica de c\u00e1mara dentro y fuera del pa\u00eds. Invitado a representar a M\u00e9xico con la Joven Orquesta Nacional de Espa\u00f1a, tocando en el Palacio de Carlos V, el Auditorio Nacional de m\u00fasica de Madrid.<\/p>\n\n\n\n<p>Invitado por La orquesta del bicentenario para dar una serie de conciertos por M\u00e9xico y Argentina. Form\u00f3 parte de la Orquesta Juvenil Universitaria Eduardo Mata, la Orquesta Filarm\u00f3nica de Acapulco entre otras.<\/p>\n\n\n\n<p>En el a\u00f1o 2018 trabaja como solista principal de la orquesta de las Am\u00e9ricas bajo la batuta de Arturo M\u00e1rquez y Gustavo Dudamel.<\/p>\n\n\n\n<p>Desde el a\u00f1o 2018 forma parte de las filas de Camerata de Coahuila, en la secci\u00f3n de violonchelos.<\/p>\n\n\n\n<p>El segundo concierto tendr\u00e1 una \u00fanica presentaci\u00f3n este viernes 27 de enero, en punto de las 20:30 Hrs. En el Teatro Isauro Mtz,<\/p>\n\n\n\n<p>.<\/p>\n","protected":false},"excerpt":{"rendered":"<p>El violonchelista mexicano Carlos Castillo participar\u00e1 como solista en el segundo concierto de la Temporada Primavera Verano 2023. Mendelssohn, Prokofiev y Max Bruch son los autores que conforman el segundo &hellip; <a href=\"https:\/\/lavereda.com.mx\/index.php\/2023\/01\/25\/mendelssohn-y-otros-autores-sonaran-con-la-camerata\/\" class=\"more-link\">Leer m\u00e1s<\/a><\/p>\n","protected":false},"author":1,"featured_media":4713,"comment_status":"open","ping_status":"open","sticky":false,"template":"","format":"standard","meta":{"footnotes":""},"categories":[18,4],"tags":[],"class_list":["post-4712","post","type-post","status-publish","format-standard","has-post-thumbnail","hentry","category-lomasrelevante","category-musica","entry"],"_links":{"self":[{"href":"https:\/\/lavereda.com.mx\/index.php\/wp-json\/wp\/v2\/posts\/4712","targetHints":{"allow":["GET"]}}],"collection":[{"href":"https:\/\/lavereda.com.mx\/index.php\/wp-json\/wp\/v2\/posts"}],"about":[{"href":"https:\/\/lavereda.com.mx\/index.php\/wp-json\/wp\/v2\/types\/post"}],"author":[{"embeddable":true,"href":"https:\/\/lavereda.com.mx\/index.php\/wp-json\/wp\/v2\/users\/1"}],"replies":[{"embeddable":true,"href":"https:\/\/lavereda.com.mx\/index.php\/wp-json\/wp\/v2\/comments?post=4712"}],"version-history":[{"count":2,"href":"https:\/\/lavereda.com.mx\/index.php\/wp-json\/wp\/v2\/posts\/4712\/revisions"}],"predecessor-version":[{"id":4715,"href":"https:\/\/lavereda.com.mx\/index.php\/wp-json\/wp\/v2\/posts\/4712\/revisions\/4715"}],"wp:featuredmedia":[{"embeddable":true,"href":"https:\/\/lavereda.com.mx\/index.php\/wp-json\/wp\/v2\/media\/4713"}],"wp:attachment":[{"href":"https:\/\/lavereda.com.mx\/index.php\/wp-json\/wp\/v2\/media?parent=4712"}],"wp:term":[{"taxonomy":"category","embeddable":true,"href":"https:\/\/lavereda.com.mx\/index.php\/wp-json\/wp\/v2\/categories?post=4712"},{"taxonomy":"post_tag","embeddable":true,"href":"https:\/\/lavereda.com.mx\/index.php\/wp-json\/wp\/v2\/tags?post=4712"}],"curies":[{"name":"wp","href":"https:\/\/api.w.org\/{rel}","templated":true}]}}