{"id":4703,"date":"2023-01-24T00:46:22","date_gmt":"2023-01-24T00:46:22","guid":{"rendered":"http:\/\/lavereda.com.mx\/?p=4703"},"modified":"2023-01-24T00:46:24","modified_gmt":"2023-01-24T00:46:24","slug":"en-2023-continuan-las-noches-de-jazz-en-cafe-valencia","status":"publish","type":"post","link":"https:\/\/lavereda.com.mx\/index.php\/2023\/01\/24\/en-2023-continuan-las-noches-de-jazz-en-cafe-valencia\/","title":{"rendered":"En 2023 contin\u00faan las noches de jazz en Caf\u00e9 Valencia"},"content":{"rendered":"\n<p>Hay un lugar que se est\u00e1 volviendo predilecto por los laguneros para escuchar jazz y talento musical local todos los mi\u00e9rcoles: es Valencia Caficultura. <\/p>\n\n\n\n<p>En este 2023, el caf\u00e9 y foro continuar\u00e1 ofreciendo veladas musicales y art\u00edsticas. El mi\u00e9rcoles pasado incluso, se present\u00f3 una pl\u00e1tica con el reconocido escultor Sebasti\u00e1n, creador de la Puerta de Torre\u00f3n.<\/p>\n\n\n\n<p>El mi\u00e9rcoles 25 de enero toca el turno al joven m\u00fasico Andr\u00e9s Salazar presentar una \u00abJazz Night en vibr\u00e1fono\u00bb a partir de las 20:00 horas, al oriente de la ciudad en la Plaza Amberes. \u00bfQui\u00e9n es Andr\u00e9s Salazar?<\/p>\n\n\n\n<p>Originario de Torre\u00f3n, Coahuila. Realiz\u00f3 sus estudios en el Centro de Estudios Musicales de Torre\u00f3n y en UNAM, donde actualmente cursa el 3er a\u00f1o de la carrera.<\/p>\n\n\n\n<p>Fue solista con la OSIJUT tocando el concierto para marimba N.1 de Ney Rosauro, es integrante de la Banda Sinf\u00f3nica de la facultad de m\u00fasica de la UNAM, fue parte del ensamble de M\u00fasica Nueva tocando en escenarios como la Sala Nezahualc\u00f3yotl y la Sala Manuel M. Ponce en el Palacio de Bellas Artes.&nbsp;<\/p>\n\n\n\n<p>Sus acercamientos a las diferentes g\u00e9neros siempre lo mantienen en vanguardia, como el performance en la percusi\u00f3n teatral y en el jazz donde ahora se encuentra desarrollando un nuevo lenguaje personal.&nbsp;<\/p>\n\n\n\n<p>Actualmente forma parte del ensamble XXI dedicado a la m\u00fasica nueva latinoamericana y mexicana, el dueto de percusiones PB \u0301s junto al percusionista Enrique \u00c1lvarez trabajando en la grabaci\u00f3n de su disco debut y en la composici\u00f3n de m\u00faltiples obras para percusi\u00f3n.<\/p>\n\n\n\n<p>La entrada es libre.<\/p>\n\n\n\n<p><\/p>\n","protected":false},"excerpt":{"rendered":"<p>Hay un lugar que se est\u00e1 volviendo predilecto por los laguneros para escuchar jazz y talento musical local todos los mi\u00e9rcoles: es Valencia Caficultura. En este 2023, el caf\u00e9 y &hellip; <a href=\"https:\/\/lavereda.com.mx\/index.php\/2023\/01\/24\/en-2023-continuan-las-noches-de-jazz-en-cafe-valencia\/\" class=\"more-link\">Leer m\u00e1s<\/a><\/p>\n","protected":false},"author":9,"featured_media":4704,"comment_status":"open","ping_status":"open","sticky":false,"template":"","format":"standard","meta":{"footnotes":""},"categories":[18,4],"tags":[],"class_list":["post-4703","post","type-post","status-publish","format-standard","has-post-thumbnail","hentry","category-lomasrelevante","category-musica","entry"],"_links":{"self":[{"href":"https:\/\/lavereda.com.mx\/index.php\/wp-json\/wp\/v2\/posts\/4703","targetHints":{"allow":["GET"]}}],"collection":[{"href":"https:\/\/lavereda.com.mx\/index.php\/wp-json\/wp\/v2\/posts"}],"about":[{"href":"https:\/\/lavereda.com.mx\/index.php\/wp-json\/wp\/v2\/types\/post"}],"author":[{"embeddable":true,"href":"https:\/\/lavereda.com.mx\/index.php\/wp-json\/wp\/v2\/users\/9"}],"replies":[{"embeddable":true,"href":"https:\/\/lavereda.com.mx\/index.php\/wp-json\/wp\/v2\/comments?post=4703"}],"version-history":[{"count":1,"href":"https:\/\/lavereda.com.mx\/index.php\/wp-json\/wp\/v2\/posts\/4703\/revisions"}],"predecessor-version":[{"id":4705,"href":"https:\/\/lavereda.com.mx\/index.php\/wp-json\/wp\/v2\/posts\/4703\/revisions\/4705"}],"wp:featuredmedia":[{"embeddable":true,"href":"https:\/\/lavereda.com.mx\/index.php\/wp-json\/wp\/v2\/media\/4704"}],"wp:attachment":[{"href":"https:\/\/lavereda.com.mx\/index.php\/wp-json\/wp\/v2\/media?parent=4703"}],"wp:term":[{"taxonomy":"category","embeddable":true,"href":"https:\/\/lavereda.com.mx\/index.php\/wp-json\/wp\/v2\/categories?post=4703"},{"taxonomy":"post_tag","embeddable":true,"href":"https:\/\/lavereda.com.mx\/index.php\/wp-json\/wp\/v2\/tags?post=4703"}],"curies":[{"name":"wp","href":"https:\/\/api.w.org\/{rel}","templated":true}]}}