{"id":4700,"date":"2023-01-22T22:42:26","date_gmt":"2023-01-22T22:42:26","guid":{"rendered":"http:\/\/lavereda.com.mx\/?p=4700"},"modified":"2023-01-22T22:42:28","modified_gmt":"2023-01-22T22:42:28","slug":"mal-de-ojo","status":"publish","type":"post","link":"https:\/\/lavereda.com.mx\/index.php\/2023\/01\/22\/mal-de-ojo\/","title":{"rendered":"Mal de Ojo"},"content":{"rendered":"\n<p><strong>Mal de Ojo, 2022<\/strong><\/p>\n\n\n\n<p>Cin\u00e9polis klic<\/p>\n\n\n\n<p>Basada en la idea de aquel tradicional padecimiento al que se han referido los mexicanos durante siglos, provocado por deseos prohibidos y envidias, la pel\u00edcula es terror nacional, con algunas remembranzas est\u00e9ticas del cine asi\u00e1tico.<\/p>\n\n\n\n<p>Nala (Paola Miguel) tiene que viajar al campo para encontrarse con su misteriosa abuela Josefa (Ofelia Medina) que puede proporcionar una cura para el mal de ojo que aqueja a su hermana menor.<\/p>\n\n\n\n<p>Dejadas imprudentemente por sus padres con la anciana, las ni\u00f1as tienen que enfrentar situaciones pesadillezcas relacionadas con costumbres antiguas, rituales secretos, y magia negra que se practica en la rancher\u00eda y sus alrededores.<\/p>\n\n\n\n<p>Aunque la ni\u00f1a es la protagonista, brilla el trabajo de Medina, en un rol sin paralelo, en el que se transforma en una anciana malvada, que guarda una apariencia insospechada y revela intenciones que no pueden ser anticipadas.<\/p>\n\n\n\n<p>La cinta habla de los peligros que acechan en cualquier parte, incluso al interior de la propia familia.<\/p>\n\n\n\n<p>Es buen cine de horror mexicano, que refresca un poco la tendencia abrumadora de comedias rom\u00e1nticas insufribles.<\/p>\n\n\n\n<p>Es para adolescentes y adultos.<\/p>\n\n\n\n<p>(R. Restringido; menores de 17 deben estar acompa\u00f1ados de sus padres)<\/p>\n\n\n\n<p>@LucianoCamposG<\/p>\n\n\n\n<figure class=\"wp-block-embed is-type-video is-provider-youtube wp-block-embed-youtube wp-embed-aspect-16-9 wp-has-aspect-ratio\"><div class=\"wp-block-embed__wrapper\">\n<iframe title=\"Mal de ojo - Tr\u00e1iler\" width=\"1170\" height=\"658\" src=\"https:\/\/www.youtube.com\/embed\/1xNJ_LZTgZA?feature=oembed\" frameborder=\"0\" allow=\"accelerometer; autoplay; clipboard-write; encrypted-media; gyroscope; picture-in-picture; web-share\" allowfullscreen><\/iframe>\n<\/div><\/figure>\n","protected":false},"excerpt":{"rendered":"<p>Mal de Ojo, 2022 Cin\u00e9polis klic Basada en la idea de aquel tradicional padecimiento al que se han referido los mexicanos durante siglos, provocado por deseos prohibidos y envidias, la &hellip; <a href=\"https:\/\/lavereda.com.mx\/index.php\/2023\/01\/22\/mal-de-ojo\/\" class=\"more-link\">Leer m\u00e1s<\/a><\/p>\n","protected":false},"author":3,"featured_media":4701,"comment_status":"open","ping_status":"open","sticky":false,"template":"","format":"standard","meta":{"footnotes":""},"categories":[6,7],"tags":[40],"class_list":["post-4700","post","type-post","status-publish","format-standard","has-post-thumbnail","hentry","category-cinetv","category-entretenimiento","tag-cine","entry"],"_links":{"self":[{"href":"https:\/\/lavereda.com.mx\/index.php\/wp-json\/wp\/v2\/posts\/4700","targetHints":{"allow":["GET"]}}],"collection":[{"href":"https:\/\/lavereda.com.mx\/index.php\/wp-json\/wp\/v2\/posts"}],"about":[{"href":"https:\/\/lavereda.com.mx\/index.php\/wp-json\/wp\/v2\/types\/post"}],"author":[{"embeddable":true,"href":"https:\/\/lavereda.com.mx\/index.php\/wp-json\/wp\/v2\/users\/3"}],"replies":[{"embeddable":true,"href":"https:\/\/lavereda.com.mx\/index.php\/wp-json\/wp\/v2\/comments?post=4700"}],"version-history":[{"count":1,"href":"https:\/\/lavereda.com.mx\/index.php\/wp-json\/wp\/v2\/posts\/4700\/revisions"}],"predecessor-version":[{"id":4702,"href":"https:\/\/lavereda.com.mx\/index.php\/wp-json\/wp\/v2\/posts\/4700\/revisions\/4702"}],"wp:featuredmedia":[{"embeddable":true,"href":"https:\/\/lavereda.com.mx\/index.php\/wp-json\/wp\/v2\/media\/4701"}],"wp:attachment":[{"href":"https:\/\/lavereda.com.mx\/index.php\/wp-json\/wp\/v2\/media?parent=4700"}],"wp:term":[{"taxonomy":"category","embeddable":true,"href":"https:\/\/lavereda.com.mx\/index.php\/wp-json\/wp\/v2\/categories?post=4700"},{"taxonomy":"post_tag","embeddable":true,"href":"https:\/\/lavereda.com.mx\/index.php\/wp-json\/wp\/v2\/tags?post=4700"}],"curies":[{"name":"wp","href":"https:\/\/api.w.org\/{rel}","templated":true}]}}